{"id":34403,"date":"2023-11-03T11:56:46","date_gmt":"2023-11-03T13:56:46","guid":{"rendered":"https:\/\/radioimprensa.com.br\/?p=34403"},"modified":"2023-11-03T11:56:46","modified_gmt":"2023-11-03T13:56:46","slug":"neymar-passa-por-cirurgia-no-joelho-esquerdo","status":"publish","type":"post","link":"https:\/\/radioimprensa.com.br\/index.php\/2023\/11\/03\/neymar-passa-por-cirurgia-no-joelho-esquerdo\/","title":{"rendered":"Neymar passa por cirurgia no joelho esquerdo"},"content":{"rendered":"\n<p>O atacante brasileiro Neymar foi submetido a uma cirurgia nesta quinta-feira (2), ap\u00f3s sofrer a ruptura do ligamento cruzado anterior do joelho esquerdo e machucar o menisco durante a partida entre Brasil e Uruguai pelas Eliminat\u00f3rias para a Copa do Mundo.<img decoding=\"async\" src=\"https:\/\/agenciabrasil.ebc.com.br\/ebc.png?id=1564192&amp;o=node\"><img decoding=\"async\" src=\"https:\/\/agenciabrasil.ebc.com.br\/ebc.gif?id=1564192&amp;o=node\"><\/p>\n\n\n\n<p>O jogador de 31 anos foi for\u00e7ado a sair durante a partida disputada h\u00e1 duas semanas, antes que uma resson\u00e2ncia magn\u00e9tica confirmasse a extens\u00e3o de suas les\u00f5es.<\/p>\n\n\n\n<p>\u201cA equipe do doutor Rodrigo Lasmar, chefe m\u00e9dico da sele\u00e7\u00e3o brasileira masculina de futebol, realizar\u00e1 a cirurgia no Hospital Mater Dei, em Belo Horizonte\u201d, declarou a Confedera\u00e7\u00e3o Brasileira de Futebol (CBF) em nota antes da realiza\u00e7\u00e3o da opera\u00e7\u00e3o.<\/p>\n\n\n\n<p>Ap\u00f3s a realiza\u00e7\u00e3o da cirurgia, o atacante brasileiro publicou uma mensagem em seu perfil nas redes sociais afirmando: \u201cDeu tudo certo. Obrigado pelas mensagens e agora \u00e9 foco na recupera\u00e7\u00e3o\u201d.<\/p>\n\n\n\n<p>Neymar se juntou \u00e0 liga da Ar\u00e1bia Saudita em agosto por 90 milh\u00f5es de euros, mas o ex-jogador do Barcelona (Espanha) e do PSG (Fran\u00e7a) jogou apenas cinco partidas porque estava lutando contra les\u00f5es musculares.<\/p>\n\n\n\n<p>Fonte: Ag\u00eancia Brasil (com Reuters) \/ Foto: Arquivo CBF<\/p>\n","protected":false},"excerpt":{"rendered":"<p>O atacante brasileiro Neymar foi submetido a uma cirurgia nesta quinta-feira (2), ap\u00f3s sofrer a ruptura do ligamento cruzado anterior do joelho esquerdo e machucar o menisco durante a partida entre Brasil e Uruguai pelas Eliminat\u00f3rias para a Copa do Mundo. O jogador de 31 anos foi for\u00e7ado a sair durante a partida disputada h\u00e1 &hellip; <\/p>\n","protected":false},"author":2,"featured_media":21033,"comment_status":"closed","ping_status":"closed","sticky":false,"template":"","format":"standard","meta":{"footnotes":""},"categories":[4],"tags":[],"class_list":["post-34403","post","type-post","status-publish","format-standard","has-post-thumbnail","hentry","category-noticias"],"_links":{"self":[{"href":"https:\/\/radioimprensa.com.br\/index.php\/wp-json\/wp\/v2\/posts\/34403","targetHints":{"allow":["GET"]}}],"collection":[{"href":"https:\/\/radioimprensa.com.br\/index.php\/wp-json\/wp\/v2\/posts"}],"about":[{"href":"https:\/\/radioimprensa.com.br\/index.php\/wp-json\/wp\/v2\/types\/post"}],"author":[{"embeddable":true,"href":"https:\/\/radioimprensa.com.br\/index.php\/wp-json\/wp\/v2\/users\/2"}],"replies":[{"embeddable":true,"href":"https:\/\/radioimprensa.com.br\/index.php\/wp-json\/wp\/v2\/comments?post=34403"}],"version-history":[{"count":0,"href":"https:\/\/radioimprensa.com.br\/index.php\/wp-json\/wp\/v2\/posts\/34403\/revisions"}],"wp:featuredmedia":[{"embeddable":true,"href":"https:\/\/radioimprensa.com.br\/index.php\/wp-json\/wp\/v2\/media\/21033"}],"wp:attachment":[{"href":"https:\/\/radioimprensa.com.br\/index.php\/wp-json\/wp\/v2\/media?parent=34403"}],"wp:term":[{"taxonomy":"category","embeddable":true,"href":"https:\/\/radioimprensa.com.br\/index.php\/wp-json\/wp\/v2\/categories?post=34403"},{"taxonomy":"post_tag","embeddable":true,"href":"https:\/\/radioimprensa.com.br\/index.php\/wp-json\/wp\/v2\/tags?post=34403"}],"curies":[{"name":"wp","href":"https:\/\/api.w.org\/{rel}","templated":true}]}}