{"id":34407,"date":"2023-11-03T12:05:16","date_gmt":"2023-11-03T14:05:16","guid":{"rendered":"https:\/\/radioimprensa.com.br\/?p=34407"},"modified":"2023-11-03T12:05:16","modified_gmt":"2023-11-03T14:05:16","slug":"itapevi-inaugurara-novo-ecoponto-no-dia-6","status":"publish","type":"post","link":"https:\/\/radioimprensa.com.br\/index.php\/2023\/11\/03\/itapevi-inaugurara-novo-ecoponto-no-dia-6\/","title":{"rendered":"Itapevi inaugurou seu terceiro ecoponto"},"content":{"rendered":"\n<p>A Prefeitura de Itapevi abriu, hoje (6), um novo ecoponto na cidade, dessa vez no bairro Jardim Santa Rita (Rodovia Engenheiro Ren\u00ea Benedito da Silva, ao lado da Escola do Futuro).<\/p>\n\n\n\n<p>O equipamento, o terceiro ecoponto da cidade, vai funcionar de segunda a sexta-feira, das 7h \u00e0s 16h e vai receber descartes de materiais recicl\u00e1veis (papel, metais, vidros, pl\u00e1sticos), madeira, estofados, pneus e \u00f3leo de cozinha. O Ecoponto tamb\u00e9m recebe res\u00edduos s\u00f3lidos provenientes de entulho. S\u00e3o 50 quilos por pessoa, desde que estejam devidamente ensacados. No local n\u00e3o s\u00e3o recebidos restos de poda de \u00e1rvores e res\u00edduos empresariais (arm\u00e1rios, cadeiras, mesas e outros).<\/p>\n\n\n\n<p>Com 618 m\u00b2, o espa\u00e7o do Jardim Santa Rita tem sala de recep\u00e7\u00e3o, lavat\u00f3rio, vesti\u00e1rios, escrit\u00f3rio administrativo e cont\u00eaineres com capacidade de armazenamento de mil litros para o descarte de materiais recicl\u00e1veis. H\u00e1 tamb\u00e9m ca\u00e7ambas met\u00e1licas onde ficar\u00e3o os res\u00edduos de madeira com capacidade total de armazenamento de 5 m\u00b3.<\/p>\n\n\n\n<p>Fonte: Vis\u00e3o Oeste \/ Foto: Divulga\u00e7\u00e3o PMI<\/p>\n","protected":false},"excerpt":{"rendered":"<p>A Prefeitura de Itapevi abriu, hoje (6), um novo ecoponto na cidade, dessa vez no bairro Jardim Santa Rita (Rodovia Engenheiro Ren\u00ea Benedito da Silva, ao lado da Escola do Futuro). O equipamento, o terceiro ecoponto da cidade, vai funcionar de segunda a sexta-feira, das 7h \u00e0s 16h e vai receber descartes de materiais recicl\u00e1veis &hellip; <\/p>\n","protected":false},"author":2,"featured_media":34408,"comment_status":"closed","ping_status":"closed","sticky":false,"template":"","format":"standard","meta":{"footnotes":""},"categories":[4],"tags":[],"class_list":["post-34407","post","type-post","status-publish","format-standard","has-post-thumbnail","hentry","category-noticias"],"_links":{"self":[{"href":"https:\/\/radioimprensa.com.br\/index.php\/wp-json\/wp\/v2\/posts\/34407","targetHints":{"allow":["GET"]}}],"collection":[{"href":"https:\/\/radioimprensa.com.br\/index.php\/wp-json\/wp\/v2\/posts"}],"about":[{"href":"https:\/\/radioimprensa.com.br\/index.php\/wp-json\/wp\/v2\/types\/post"}],"author":[{"embeddable":true,"href":"https:\/\/radioimprensa.com.br\/index.php\/wp-json\/wp\/v2\/users\/2"}],"replies":[{"embeddable":true,"href":"https:\/\/radioimprensa.com.br\/index.php\/wp-json\/wp\/v2\/comments?post=34407"}],"version-history":[{"count":0,"href":"https:\/\/radioimprensa.com.br\/index.php\/wp-json\/wp\/v2\/posts\/34407\/revisions"}],"wp:featuredmedia":[{"embeddable":true,"href":"https:\/\/radioimprensa.com.br\/index.php\/wp-json\/wp\/v2\/media\/34408"}],"wp:attachment":[{"href":"https:\/\/radioimprensa.com.br\/index.php\/wp-json\/wp\/v2\/media?parent=34407"}],"wp:term":[{"taxonomy":"category","embeddable":true,"href":"https:\/\/radioimprensa.com.br\/index.php\/wp-json\/wp\/v2\/categories?post=34407"},{"taxonomy":"post_tag","embeddable":true,"href":"https:\/\/radioimprensa.com.br\/index.php\/wp-json\/wp\/v2\/tags?post=34407"}],"curies":[{"name":"wp","href":"https:\/\/api.w.org\/{rel}","templated":true}]}}