{"id":34441,"date":"2023-11-10T11:46:38","date_gmt":"2023-11-10T13:46:38","guid":{"rendered":"https:\/\/radioimprensa.com.br\/?p=34441"},"modified":"2023-11-10T11:46:38","modified_gmt":"2023-11-10T13:46:38","slug":"brasil-e-mais-12-paises-formalizam-criacao-da-ameripol","status":"publish","type":"post","link":"https:\/\/radioimprensa.com.br\/index.php\/2023\/11\/10\/brasil-e-mais-12-paises-formalizam-criacao-da-ameripol\/","title":{"rendered":"Brasil e mais 12 pa\u00edses formalizam cria\u00e7\u00e3o da Ameripol"},"content":{"rendered":"\n<p>O Brasil e mais 12 pa\u00edses do continente americano assinaram nesta quinta-feira (9) o Tratado de Constitui\u00e7\u00e3o da Comunidade de Pol\u00edcias da Am\u00e9rica, a Ameripol, que atuar\u00e1 nos moldes da organiza\u00e7\u00e3o Interpol.<img decoding=\"async\" src=\"https:\/\/agenciabrasil.ebc.com.br\/ebc.png?id=1565606&amp;o=node\"><img decoding=\"async\" src=\"https:\/\/agenciabrasil.ebc.com.br\/ebc.gif?id=1565606&amp;o=node\"><\/p>\n\n\n\n<p>Os pa\u00edses que assinaram s\u00e3o o Brasil, Argentina, Bol\u00edvia, Chile, Col\u00f4mbia, Costa Rica, Equador, Haiti, Honduras, Panam\u00e1, Paraguai, Rep\u00fablica Dominicana e Uruguai.<\/p>\n\n\n\n<p>A coopera\u00e7\u00e3o policial, por meio da Ameripol, existe desde 2007, sendo formalizada agora com constitui\u00e7\u00e3o jur\u00eddica. Atualmente, \u00e9 integrada por 30 pa\u00edses.<\/p>\n\n\n\n<p>O ministro da Justi\u00e7a e Seguran\u00e7a P\u00fablica, Fl\u00e1vio Dino, destacou que a Ameripol atuar\u00e1 principalmente na internet para conter as a\u00e7\u00f5es das organiza\u00e7\u00f5es criminosas. \u201cA coopera\u00e7\u00e3o transnacional n\u00e3o \u00e9 uma escolha, \u00e9 uma imposi\u00e7\u00e3o\u201d, disse na cerim\u00f4nia realizada no minist\u00e9rio.<\/p>\n\n\n\n<p>O diretor-geral da Pol\u00edcia Federal do Brasil, delegado Andrei Rodrigues, informou que a Ameripol se torna o terceiro maior bloco policial do mundo, ficando atr\u00e1s apenas da Interpol e Europol, a ag\u00eancia da Uni\u00e3o Europeia para coopera\u00e7\u00e3o policial. &nbsp;<\/p>\n\n\n\n<p>Com o tratado, torna-se vi\u00e1vel o interc\u00e2mbio de informa\u00e7\u00f5es, cria\u00e7\u00e3o de equipes conjuntas de investiga\u00e7\u00e3o e acordos com outros blocos policiais internacionais, como Interpol, no combate ao crime organizado transnacional.<\/p>\n\n\n\n<p>De acordo com Rodrigues, que ser\u00e1 o secret\u00e1rio-geral da Ameripol, est\u00e3o previstas a implanta\u00e7\u00e3o de unidades antidrogas e de combate ao tr\u00e1fico de pessoas e contrabando de imigrantes no Brasil e na Col\u00f4mbia, respectivamente, al\u00e9m de um escrit\u00f3rio de direitos humanos, a ser instalado em dezembro, e de uma rede virtual contra o terrorismo, radicalismos violentos e crimes de \u00f3dio, em 2024. A sede do organismo ser\u00e1 em Bogot\u00e1.<\/p>\n\n\n\n<p>O delegado Rodrigues disse ainda que a organiza\u00e7\u00e3o \u201cdar\u00e1 a todos os pa\u00edses e pol\u00edcias do nosso continente o necess\u00e1rio fundamento jur\u00eddico, a capacidade tecnol\u00f3gica e os meios operacionais adequados para luta contra o crime organizado transnacional e o terrorismo\u201d.<\/p>\n\n\n\n<p>Para o presidente tempor\u00e1rio da Ameripol e general argentino Andr\u00e9s Severino, a troca de informa\u00e7\u00f5es ser\u00e1 primordial para transcender as diferen\u00e7as culturais e geogr\u00e1ficas e garantir a integra\u00e7\u00e3o das for\u00e7as de seguran\u00e7a dos pa\u00edses.<\/p>\n\n\n\n<p>Fonte: Ag\u00eancia Brasil \/ Foto: Reprodu\u00e7\u00e3o<\/p>\n","protected":false},"excerpt":{"rendered":"<p>O Brasil e mais 12 pa\u00edses do continente americano assinaram nesta quinta-feira (9) o Tratado de Constitui\u00e7\u00e3o da Comunidade de Pol\u00edcias da Am\u00e9rica, a Ameripol, que atuar\u00e1 nos moldes da organiza\u00e7\u00e3o Interpol. Os pa\u00edses que assinaram s\u00e3o o Brasil, Argentina, Bol\u00edvia, Chile, Col\u00f4mbia, Costa Rica, Equador, Haiti, Honduras, Panam\u00e1, Paraguai, Rep\u00fablica Dominicana e Uruguai. A &hellip; <\/p>\n","protected":false},"author":2,"featured_media":34442,"comment_status":"closed","ping_status":"closed","sticky":false,"template":"","format":"standard","meta":{"footnotes":""},"categories":[4],"tags":[],"class_list":["post-34441","post","type-post","status-publish","format-standard","has-post-thumbnail","hentry","category-noticias"],"_links":{"self":[{"href":"https:\/\/radioimprensa.com.br\/index.php\/wp-json\/wp\/v2\/posts\/34441","targetHints":{"allow":["GET"]}}],"collection":[{"href":"https:\/\/radioimprensa.com.br\/index.php\/wp-json\/wp\/v2\/posts"}],"about":[{"href":"https:\/\/radioimprensa.com.br\/index.php\/wp-json\/wp\/v2\/types\/post"}],"author":[{"embeddable":true,"href":"https:\/\/radioimprensa.com.br\/index.php\/wp-json\/wp\/v2\/users\/2"}],"replies":[{"embeddable":true,"href":"https:\/\/radioimprensa.com.br\/index.php\/wp-json\/wp\/v2\/comments?post=34441"}],"version-history":[{"count":0,"href":"https:\/\/radioimprensa.com.br\/index.php\/wp-json\/wp\/v2\/posts\/34441\/revisions"}],"wp:featuredmedia":[{"embeddable":true,"href":"https:\/\/radioimprensa.com.br\/index.php\/wp-json\/wp\/v2\/media\/34442"}],"wp:attachment":[{"href":"https:\/\/radioimprensa.com.br\/index.php\/wp-json\/wp\/v2\/media?parent=34441"}],"wp:term":[{"taxonomy":"category","embeddable":true,"href":"https:\/\/radioimprensa.com.br\/index.php\/wp-json\/wp\/v2\/categories?post=34441"},{"taxonomy":"post_tag","embeddable":true,"href":"https:\/\/radioimprensa.com.br\/index.php\/wp-json\/wp\/v2\/tags?post=34441"}],"curies":[{"name":"wp","href":"https:\/\/api.w.org\/{rel}","templated":true}]}}