{"id":34447,"date":"2023-11-10T12:01:46","date_gmt":"2023-11-10T14:01:46","guid":{"rendered":"https:\/\/radioimprensa.com.br\/?p=34447"},"modified":"2023-11-10T12:01:46","modified_gmt":"2023-11-10T14:01:46","slug":"piaui-reivindica-areas-do-ceara","status":"publish","type":"post","link":"https:\/\/radioimprensa.com.br\/index.php\/2023\/11\/10\/piaui-reivindica-areas-do-ceara\/","title":{"rendered":"Piau\u00ed reivindica \u00e1reas do Cear\u00e1"},"content":{"rendered":"\n<p>O estado do Cear\u00e1 divulgou que vai apresentar ao STF para tentar evitar que o Piau\u00ed anexe uma \u00e1rea de 2.874 km\u00b2, com 13 munic\u00edpios, em lit\u00edgio desde 1758.<\/p>\n\n\n\n<p>O Supremo Tribunal Federal decidir\u00e1 quem \u00e9 o dono da regi\u00e3o. A a\u00e7\u00e3o tramita h\u00e1 12 anos da Corte.<\/p>\n\n\n\n<p>Os piauienses questionam os marcos da divisa com base no Decreto Imperial 3.012, de 22 de outubro de 1880, que alterou a linha divis\u00f3ria das ent\u00e3o duas prov\u00edncias \u2014 interpreta\u00e7\u00e3o questionada pelo Cear\u00e1 (leia mais abaixo).<\/p>\n\n\n\n<p>O governo cearense alega na defesa que pesquisadores avaliaram &#8220;leis de cria\u00e7\u00e3o de munic\u00edpios, mapas e documentos hist\u00f3ricos&#8221; como o Censo Demogr\u00e1fico de 1872, que &#8220;demonstrou, sem sombra de d\u00favidas, que a \u00e1rea em lit\u00edgio est\u00e1 sob dom\u00ednio do Cear\u00e1 porque esse Estado vem administrando esses territ\u00f3rios desde antes da promulga\u00e7\u00e3o do Decreto Imperial de 1880&#8221;.<\/p>\n\n\n\n<p>O PIB (Produto Interno Bruto) dos munic\u00edpios na \u00e1rea em lit\u00edgio correspondeu no ano de 2020 a R$ 6,5 bilh\u00f5es, ou 4% do total do PIB do Cear\u00e1. Os dados s\u00e3o do Ipece (Instituto de Pesquisa e Estrat\u00e9gia Econ\u00f4mica do Cear\u00e1),<\/p>\n\n\n\n<p>A \u00e1rea em disputa tem cerca de 25 mil habitantes e tamanho equivalente a mais de duas vezes o munic\u00edpio de S\u00e3o Paulo. Come\u00e7a ainda no litoral e avan\u00e7a pelo semi\u00e1rido no sentido sul.<\/p>\n\n\n\n<p>A regi\u00e3o em disputa se destaca pelo alto potencial para o desenvolvimento de energias e\u00f3lica e solar. Em 2021, segundo o Cear\u00e1, havia 291 torres e\u00f3licas em funcionamento que foram licenciadas pelo estado.<\/p>\n\n\n\n<p>Ainda h\u00e1 na divisa jazidas de ouro, diamantes e mangan\u00eas. Outra atividade na regi\u00e3o \u00e9 o turismo, marcado por belezas naturais e aspectos culturais e religiosos.<\/p>\n\n\n\n<p><strong>O argumento do Piau\u00ed<\/strong><br>Decreto de 1880 usado pelos piauienses estabelece limites. Afirma que &#8220;serve de linha divis\u00f3ria das duas prov\u00edncias a Serra Grande ou da Ibiapaba, sem outra interrup\u00e7\u00e3o al\u00e9m da [linha] do rio Puty [hoje chamado de Poty], no ponto do Boqueir\u00e3o&#8221;.<\/p>\n\n\n\n<p>Diz o texto que o Piau\u00ed ficaria com &#8220;todas as vertentes ocidentais da serra&#8221;, e o Cear\u00e1, com as orientais. O problema \u00e9 que o Cear\u00e1 ficou tem terras ocidentais (a oeste) da serra.<\/p>\n\n\n\n<p><strong>O argumento do Cear\u00e1<\/strong><br>Em nota t\u00e9cnica de quinta-feira (09), o governo cearense questiona a interpreta\u00e7\u00e3o do decreto imperial de 1880 usado pelo Piau\u00ed. Para o governo, mapas e documentos hist\u00f3ricos apontaram que a divisa de Cear\u00e1 e Piau\u00ed &#8220;corresponde \u00e0s ra\u00edzes (lado ocidental) da serra da Ibiapaba, ficando esta serra integralmente para o Cear\u00e1.&#8221;<\/p>\n\n\n\n<p>Al\u00e9m disso, defende que a demarca\u00e7\u00e3o deve considerar &#8220;o sentimento de pertencimento, a identidade hist\u00f3rica e cultural da popula\u00e7\u00e3o ali residente&#8221;.<\/p>\n\n\n\n<p>Fonte: Carlos Madeiro (para o UOL) \/ Foto: Arte\/UOL<\/p>\n","protected":false},"excerpt":{"rendered":"<p>O estado do Cear\u00e1 divulgou que vai apresentar ao STF para tentar evitar que o Piau\u00ed anexe uma \u00e1rea de 2.874 km\u00b2, com 13 munic\u00edpios, em lit\u00edgio desde 1758. O Supremo Tribunal Federal decidir\u00e1 quem \u00e9 o dono da regi\u00e3o. A a\u00e7\u00e3o tramita h\u00e1 12 anos da Corte. Os piauienses questionam os marcos da divisa &hellip; <\/p>\n","protected":false},"author":2,"featured_media":34448,"comment_status":"closed","ping_status":"closed","sticky":false,"template":"","format":"standard","meta":{"footnotes":""},"categories":[4],"tags":[],"class_list":["post-34447","post","type-post","status-publish","format-standard","has-post-thumbnail","hentry","category-noticias"],"_links":{"self":[{"href":"https:\/\/radioimprensa.com.br\/index.php\/wp-json\/wp\/v2\/posts\/34447","targetHints":{"allow":["GET"]}}],"collection":[{"href":"https:\/\/radioimprensa.com.br\/index.php\/wp-json\/wp\/v2\/posts"}],"about":[{"href":"https:\/\/radioimprensa.com.br\/index.php\/wp-json\/wp\/v2\/types\/post"}],"author":[{"embeddable":true,"href":"https:\/\/radioimprensa.com.br\/index.php\/wp-json\/wp\/v2\/users\/2"}],"replies":[{"embeddable":true,"href":"https:\/\/radioimprensa.com.br\/index.php\/wp-json\/wp\/v2\/comments?post=34447"}],"version-history":[{"count":0,"href":"https:\/\/radioimprensa.com.br\/index.php\/wp-json\/wp\/v2\/posts\/34447\/revisions"}],"wp:featuredmedia":[{"embeddable":true,"href":"https:\/\/radioimprensa.com.br\/index.php\/wp-json\/wp\/v2\/media\/34448"}],"wp:attachment":[{"href":"https:\/\/radioimprensa.com.br\/index.php\/wp-json\/wp\/v2\/media?parent=34447"}],"wp:term":[{"taxonomy":"category","embeddable":true,"href":"https:\/\/radioimprensa.com.br\/index.php\/wp-json\/wp\/v2\/categories?post=34447"},{"taxonomy":"post_tag","embeddable":true,"href":"https:\/\/radioimprensa.com.br\/index.php\/wp-json\/wp\/v2\/tags?post=34447"}],"curies":[{"name":"wp","href":"https:\/\/api.w.org\/{rel}","templated":true}]}}