{"id":34450,"date":"2023-11-10T12:08:03","date_gmt":"2023-11-10T14:08:03","guid":{"rendered":"https:\/\/radioimprensa.com.br\/?p=34450"},"modified":"2023-11-10T12:08:03","modified_gmt":"2023-11-10T14:08:03","slug":"passageira-e-conduzida-a-pf-apos-falar-em-bomba-no-aeroporto-de-guarulhos","status":"publish","type":"post","link":"https:\/\/radioimprensa.com.br\/index.php\/2023\/11\/10\/passageira-e-conduzida-a-pf-apos-falar-em-bomba-no-aeroporto-de-guarulhos\/","title":{"rendered":"Passageira \u00e9 conduzida \u00e0 PF ap\u00f3s falar em bomba no Aeroporto de Guarulhos"},"content":{"rendered":"\n<p>Uma mulher foi conduzida \u00e0 delegacia da Pol\u00edcia Federal, em Cumbica, por amea\u00e7a de bomba, que \u2013 ap\u00f3s an\u00e1lise \u2013 se mostrou inexistente.<\/p>\n\n\n\n<p>Prestadores de servi\u00e7o de uma companhia a\u00e9rea, acionaram, o protocolo de seguran\u00e7a padr\u00e3o, em raz\u00e3o de uma passageira ter afirmado, ao ser questionada sobre o conte\u00fado de sua mala, que nela haveria um explosivo.<\/p>\n\n\n\n<p>O Esquadr\u00e3o Antibombas ficou em prontid\u00e3o, caso se confirmasse a amea\u00e7a, mas ap\u00f3s an\u00e1lise da situa\u00e7\u00e3o (e da mala que supostamente conteria o artefato), a suspeita e sua companheira de viagem, que embarcariam juntas para a Gr\u00e9cia, foram conduzidas para a instaura\u00e7\u00e3o de um procedimento, com base no artigo 41 da Lei de Contraven\u00e7\u00f5es Penais, em raz\u00e3o do an\u00fancio de perigo inexistente.<\/p>\n\n\n\n<p>Fonte: Guarulhos Web \/ Foto: Arquivo Ag\u00eancia Brasil<\/p>\n","protected":false},"excerpt":{"rendered":"<p>Uma mulher foi conduzida \u00e0 delegacia da Pol\u00edcia Federal, em Cumbica, por amea\u00e7a de bomba, que \u2013 ap\u00f3s an\u00e1lise \u2013 se mostrou inexistente. Prestadores de servi\u00e7o de uma companhia a\u00e9rea, acionaram, o protocolo de seguran\u00e7a padr\u00e3o, em raz\u00e3o de uma passageira ter afirmado, ao ser questionada sobre o conte\u00fado de sua mala, que nela haveria &hellip; <\/p>\n","protected":false},"author":2,"featured_media":16732,"comment_status":"closed","ping_status":"closed","sticky":false,"template":"","format":"standard","meta":{"footnotes":""},"categories":[4],"tags":[],"class_list":["post-34450","post","type-post","status-publish","format-standard","has-post-thumbnail","hentry","category-noticias"],"_links":{"self":[{"href":"https:\/\/radioimprensa.com.br\/index.php\/wp-json\/wp\/v2\/posts\/34450","targetHints":{"allow":["GET"]}}],"collection":[{"href":"https:\/\/radioimprensa.com.br\/index.php\/wp-json\/wp\/v2\/posts"}],"about":[{"href":"https:\/\/radioimprensa.com.br\/index.php\/wp-json\/wp\/v2\/types\/post"}],"author":[{"embeddable":true,"href":"https:\/\/radioimprensa.com.br\/index.php\/wp-json\/wp\/v2\/users\/2"}],"replies":[{"embeddable":true,"href":"https:\/\/radioimprensa.com.br\/index.php\/wp-json\/wp\/v2\/comments?post=34450"}],"version-history":[{"count":0,"href":"https:\/\/radioimprensa.com.br\/index.php\/wp-json\/wp\/v2\/posts\/34450\/revisions"}],"wp:featuredmedia":[{"embeddable":true,"href":"https:\/\/radioimprensa.com.br\/index.php\/wp-json\/wp\/v2\/media\/16732"}],"wp:attachment":[{"href":"https:\/\/radioimprensa.com.br\/index.php\/wp-json\/wp\/v2\/media?parent=34450"}],"wp:term":[{"taxonomy":"category","embeddable":true,"href":"https:\/\/radioimprensa.com.br\/index.php\/wp-json\/wp\/v2\/categories?post=34450"},{"taxonomy":"post_tag","embeddable":true,"href":"https:\/\/radioimprensa.com.br\/index.php\/wp-json\/wp\/v2\/tags?post=34450"}],"curies":[{"name":"wp","href":"https:\/\/api.w.org\/{rel}","templated":true}]}}