{"id":34452,"date":"2023-11-10T12:10:41","date_gmt":"2023-11-10T14:10:41","guid":{"rendered":"https:\/\/radioimprensa.com.br\/?p=34452"},"modified":"2023-11-10T12:10:41","modified_gmt":"2023-11-10T14:10:41","slug":"carros-deverao-ter-botao-para-abrir-porta-malas-por-dentro","status":"publish","type":"post","link":"https:\/\/radioimprensa.com.br\/index.php\/2023\/11\/10\/carros-deverao-ter-botao-para-abrir-porta-malas-por-dentro\/","title":{"rendered":"Carros dever\u00e3o ter bot\u00e3o para abrir porta-malas por dentro"},"content":{"rendered":"\n<p>A Comiss\u00e3o de Via\u00e7\u00e3o e Transporte da C\u00e2mara do Deputados aprovou projeto de lei que torna obrigat\u00f3ria a instala\u00e7\u00e3o de dispositivo que permita a abertura do porta-malas de ve\u00edculos pelo lado interno. O texto altera o C\u00f3digo de Tr\u00e2nsito Brasileiro.<\/p>\n\n\n\n<p>O texto aprovado foi substitutivo do relator, deputado Neto Carletto (PP-BA), ao&nbsp; Projeto de Lei 1434\/23, do deputado Capit\u00e3o Alden (PL-BA). A mudan\u00e7a remete ao Conselho Nacional de Tr\u00e2nsito (Contran) a compet\u00eancia para estabelecer cronogramas e demais requisitos t\u00e9cnicos para cumprimento da determina\u00e7\u00e3o.<\/p>\n\n\n\n<p>\u201cA experi\u00eancia internacional nos serve de indicativo de que a medida, de fato, tem potencial de contribuir para o aumento da seguran\u00e7a dos ve\u00edculos em nosso Pa\u00eds. Al\u00e9m disso, nos leva a crer que o impacto nos projetos dos ve\u00edculos n\u00e3o dever\u00e1 ser significativo, pois o recurso j\u00e1 \u00e9 amplamente utilizado\u201d,&nbsp; afirmou o parlamentar.<\/p>\n\n\n\n<p>O dispositivo auxiliaria pessoas v\u00edtimas de sequestros e crimes deste tipo, que acabam sendo colocadas no porta-malas pelos bandidos.<\/p>\n\n\n\n<p>Fonte: Ag\u00eancia C\u00e2mara de Not\u00edcias \/ Foto: Reprodu\u00e7\u00e3o<\/p>\n","protected":false},"excerpt":{"rendered":"<p>A Comiss\u00e3o de Via\u00e7\u00e3o e Transporte da C\u00e2mara do Deputados aprovou projeto de lei que torna obrigat\u00f3ria a instala\u00e7\u00e3o de dispositivo que permita a abertura do porta-malas de ve\u00edculos pelo lado interno. O texto altera o C\u00f3digo de Tr\u00e2nsito Brasileiro. O texto aprovado foi substitutivo do relator, deputado Neto Carletto (PP-BA), ao&nbsp; Projeto de Lei &hellip; <\/p>\n","protected":false},"author":2,"featured_media":27387,"comment_status":"closed","ping_status":"closed","sticky":false,"template":"","format":"standard","meta":{"footnotes":""},"categories":[4],"tags":[],"class_list":["post-34452","post","type-post","status-publish","format-standard","has-post-thumbnail","hentry","category-noticias"],"_links":{"self":[{"href":"https:\/\/radioimprensa.com.br\/index.php\/wp-json\/wp\/v2\/posts\/34452","targetHints":{"allow":["GET"]}}],"collection":[{"href":"https:\/\/radioimprensa.com.br\/index.php\/wp-json\/wp\/v2\/posts"}],"about":[{"href":"https:\/\/radioimprensa.com.br\/index.php\/wp-json\/wp\/v2\/types\/post"}],"author":[{"embeddable":true,"href":"https:\/\/radioimprensa.com.br\/index.php\/wp-json\/wp\/v2\/users\/2"}],"replies":[{"embeddable":true,"href":"https:\/\/radioimprensa.com.br\/index.php\/wp-json\/wp\/v2\/comments?post=34452"}],"version-history":[{"count":0,"href":"https:\/\/radioimprensa.com.br\/index.php\/wp-json\/wp\/v2\/posts\/34452\/revisions"}],"wp:featuredmedia":[{"embeddable":true,"href":"https:\/\/radioimprensa.com.br\/index.php\/wp-json\/wp\/v2\/media\/27387"}],"wp:attachment":[{"href":"https:\/\/radioimprensa.com.br\/index.php\/wp-json\/wp\/v2\/media?parent=34452"}],"wp:term":[{"taxonomy":"category","embeddable":true,"href":"https:\/\/radioimprensa.com.br\/index.php\/wp-json\/wp\/v2\/categories?post=34452"},{"taxonomy":"post_tag","embeddable":true,"href":"https:\/\/radioimprensa.com.br\/index.php\/wp-json\/wp\/v2\/tags?post=34452"}],"curies":[{"name":"wp","href":"https:\/\/api.w.org\/{rel}","templated":true}]}}