{"id":34494,"date":"2023-11-18T11:08:14","date_gmt":"2023-11-18T13:08:14","guid":{"rendered":"https:\/\/radioimprensa.com.br\/?p=34494"},"modified":"2023-11-18T11:08:14","modified_gmt":"2023-11-18T13:08:14","slug":"pantanal-ja-teve-mais-de-3-mil-incendios-em-novembro","status":"publish","type":"post","link":"https:\/\/radioimprensa.com.br\/index.php\/2023\/11\/18\/pantanal-ja-teve-mais-de-3-mil-incendios-em-novembro\/","title":{"rendered":"Pantanal j\u00e1 teve mais de 3 mil inc\u00eandios em novembro"},"content":{"rendered":"\n<p>H\u00e1 mais de um m\u00eas, o fogo consome o Pantanal, e n\u00e3o h\u00e1 previs\u00e3o de tr\u00e9gua. Em 16 dias de novembro deste ano, foram registrados 3.098 focos de inc\u00eandio no bioma, um recorde hist\u00f3rico para o m\u00eas desde 2002, quando foram contabilizados 2.328 focos.&nbsp;<img decoding=\"async\" src=\"https:\/\/agenciabrasil.ebc.com.br\/ebc.png?id=1567233&amp;o=node\"><img decoding=\"async\" src=\"https:\/\/agenciabrasil.ebc.com.br\/ebc.gif?id=1567233&amp;o=node\"><\/p>\n\n\n\n<p>Em rela\u00e7\u00e3o ao mesmo per\u00edodo de 2022, o aumento de queimadas ultrapassa 1.400%, conforme monitoramento do Programa Queimadas, do Instituto Nacional de Pesquisas Espaciais (Inpe). &nbsp;<\/p>\n\n\n\n<p>O tempo seco e a onda de calor favorecem o grande n\u00famero de inc\u00eandios, que destroem a vegeta\u00e7\u00e3o e a fauna. &nbsp;<\/p>\n\n\n\n<p>Na \u00faltima quarta-feira (15), o fogo chegou a invadir a rodovia Transpantaneira. As chamas\u00a0foram controladas\u00a0pelas equipes de brigadistas e n\u00e3o alcan\u00e7aram as casas.<\/p>\n\n\n\n<p>Os inc\u00eandios levaram os governos de Mato Grosso e Mato Grosso do Sul, estados que abrigam o bioma, a\u00a0decretar situa\u00e7\u00e3o de emerg\u00eancia na regi\u00e3o norte do Pantanal.<\/p>\n\n\n\n<h4 class=\"wp-block-heading\">Causas<\/h4>\n\n\n\n<p>A causa dos inc\u00eandios ainda est\u00e1 sob investiga\u00e7\u00e3o. Os especialistas avaliam se come\u00e7aram por causa da queda de raios ou por a\u00e7\u00e3o humana.&nbsp;<\/p>\n\n\n\n<p>\u201cN\u00e3o foi poss\u00edvel esclarecer se todos os inc\u00eandios no Pantanal se iniciaram com um raio, uma descarga el\u00e9trica, ou n\u00e3o, como em 2020, quando muitos foram por crime ambiental, algu\u00e9m botando fogo para destruir a vegeta\u00e7\u00e3o\u201d, disse o climatologista Carlos Nobre, pesquisador do Instituto de Estudos Avan\u00e7ados da Universidade de S\u00e3o Paulo.&nbsp;<\/p>\n\n\n\n<p>Em 2020, o fogo queimou\u00a0mais de 30% do territ\u00f3rio do Pantanal, na por\u00e7\u00e3o brasileira, o equivalente a 44.998 quil\u00f4metros quadrados.<\/p>\n\n\n\n<p>No dia 21 de outubro deste ano, tr\u00eas raios atingiram o Parna do Pantanal, a Reserva Particular do Patrim\u00f4nio Natural Doroch\u00ea e uma propriedade particular. <\/p>\n\n\n\n<p>Fonte: Ag\u00eancia Brasil \/ Foto: Mayke Toscano, Arquivo SECOM\/MT<\/p>\n","protected":false},"excerpt":{"rendered":"<p>H\u00e1 mais de um m\u00eas, o fogo consome o Pantanal, e n\u00e3o h\u00e1 previs\u00e3o de tr\u00e9gua. Em 16 dias de novembro deste ano, foram registrados 3.098 focos de inc\u00eandio no bioma, um recorde hist\u00f3rico para o m\u00eas desde 2002, quando foram contabilizados 2.328 focos.&nbsp; Em rela\u00e7\u00e3o ao mesmo per\u00edodo de 2022, o aumento de queimadas &hellip; <\/p>\n","protected":false},"author":2,"featured_media":26389,"comment_status":"closed","ping_status":"closed","sticky":false,"template":"","format":"standard","meta":{"footnotes":""},"categories":[4],"tags":[],"class_list":["post-34494","post","type-post","status-publish","format-standard","has-post-thumbnail","hentry","category-noticias"],"_links":{"self":[{"href":"https:\/\/radioimprensa.com.br\/index.php\/wp-json\/wp\/v2\/posts\/34494","targetHints":{"allow":["GET"]}}],"collection":[{"href":"https:\/\/radioimprensa.com.br\/index.php\/wp-json\/wp\/v2\/posts"}],"about":[{"href":"https:\/\/radioimprensa.com.br\/index.php\/wp-json\/wp\/v2\/types\/post"}],"author":[{"embeddable":true,"href":"https:\/\/radioimprensa.com.br\/index.php\/wp-json\/wp\/v2\/users\/2"}],"replies":[{"embeddable":true,"href":"https:\/\/radioimprensa.com.br\/index.php\/wp-json\/wp\/v2\/comments?post=34494"}],"version-history":[{"count":0,"href":"https:\/\/radioimprensa.com.br\/index.php\/wp-json\/wp\/v2\/posts\/34494\/revisions"}],"wp:featuredmedia":[{"embeddable":true,"href":"https:\/\/radioimprensa.com.br\/index.php\/wp-json\/wp\/v2\/media\/26389"}],"wp:attachment":[{"href":"https:\/\/radioimprensa.com.br\/index.php\/wp-json\/wp\/v2\/media?parent=34494"}],"wp:term":[{"taxonomy":"category","embeddable":true,"href":"https:\/\/radioimprensa.com.br\/index.php\/wp-json\/wp\/v2\/categories?post=34494"},{"taxonomy":"post_tag","embeddable":true,"href":"https:\/\/radioimprensa.com.br\/index.php\/wp-json\/wp\/v2\/tags?post=34494"}],"curies":[{"name":"wp","href":"https:\/\/api.w.org\/{rel}","templated":true}]}}