{"id":34503,"date":"2023-11-22T12:28:42","date_gmt":"2023-11-22T14:28:42","guid":{"rendered":"https:\/\/radioimprensa.com.br\/?p=34503"},"modified":"2023-11-22T12:28:42","modified_gmt":"2023-11-22T14:28:42","slug":"filha-de-lampiao-processa-pavinatto-e-pede-indenizacao-por-publicacao-de-livro","status":"publish","type":"post","link":"https:\/\/radioimprensa.com.br\/index.php\/2023\/11\/22\/filha-de-lampiao-processa-pavinatto-e-pede-indenizacao-por-publicacao-de-livro\/","title":{"rendered":"Filha de Lampi\u00e3o processa Pavinatto e pede indeniza\u00e7\u00e3o por publica\u00e7\u00e3o de livro"},"content":{"rendered":"\n<p>Expedita Ferreira Nunes, filha de\u00a0Virgulino Ferreira da Silva, mais conhecido como Lampi\u00e3o, e\u00a0Maria Gomes de Oliveira, a Maria Bonita, processou o apresentador\u00a0Tiago Pavinatto\u00a0por danos morais e direito de imagem. A informa\u00e7\u00e3o foi confirmada pelo\u00a0Estad\u00e3o, que teve acesso ao processo, nesta quarta-feira, 22.<\/p>\n\n\n\n<p>Expedita pede uma indeniza\u00e7\u00e3o de R$ 245 mil de Pavinatto e da editora Almedina, respons\u00e1vel pela publica\u00e7\u00e3o de<em>&nbsp;Da Silva: a Grande Fake News da Esquerda: o Perfil de um Criminoso Conhecido e Famoso Pela Alcunha Lampi\u00e3o<\/em>. O apresentador fez uma s\u00e9rie de publica\u00e7\u00f5es nas redes sociais e defendeu o conte\u00fado.&nbsp;<em>Leia mais abaixo.<\/em><\/p>\n\n\n\n<p>A a\u00e7\u00e3o corre no\u00a0Tribunal de Justi\u00e7a do Estado de Sergipe (TJSE). A reportagem contatou a editora respons\u00e1vel pelo livro para um pronunciamento, mas n\u00e3o obteve retorno at\u00e9 o momento da publica\u00e7\u00e3o. O espa\u00e7o segue aberto.<\/p>\n\n\n\n<p>O apresentador fez uma s\u00e9rie de publica\u00e7\u00f5es citando o caso nas redes sociais. Em seu canal no\u00a0YouTube, Pavinatto leu os autos e se pronunciou sobre o processo. Segundo ele, Expedita o acusa de macular o nome e a honra de Lampi\u00e3o.<\/p>\n\n\n\n<p>No v\u00eddeo, Pavinatto refor\u00e7a o conte\u00fado do livro e usa termos como \u201cladr\u00e3o\u201d, \u201cpsicopata\u201d e \u201cestuprador\u201d. Ainda conforme o apresentador, Expedita pede para que seja publicado um pr\u00f3logo e uma retrata\u00e7\u00e3o nas redes sociais, o que ele se nega a realizar.<\/p>\n\n\n\n<p>Fonte: Estad\u00e3o \/ Foto: Reprodu\u00e7\u00e3o via Youtube (canal Paviview)<a href=\"https:\/\/www.msn.com\/pt-br\/noticias\/brasil\/filha-de-lampi%C3%A3o-processa-tiago-pavinatto-e-pede-indeniza%C3%A7%C3%A3o-de-r-245-mil-por-publica%C3%A7%C3%A3o-de-livro\/ar-AA1klOyt?ocid=msedgntp&amp;cvid=0f75405866794f64acb31fb4620e3057&amp;ei=28&amp;fullscreen=true#image=2\"><\/a><\/p>\n","protected":false},"excerpt":{"rendered":"<p>Expedita Ferreira Nunes, filha de\u00a0Virgulino Ferreira da Silva, mais conhecido como Lampi\u00e3o, e\u00a0Maria Gomes de Oliveira, a Maria Bonita, processou o apresentador\u00a0Tiago Pavinatto\u00a0por danos morais e direito de imagem. A informa\u00e7\u00e3o foi confirmada pelo\u00a0Estad\u00e3o, que teve acesso ao processo, nesta quarta-feira, 22. Expedita pede uma indeniza\u00e7\u00e3o de R$ 245 mil de Pavinatto e da editora &hellip; <\/p>\n","protected":false},"author":2,"featured_media":34504,"comment_status":"closed","ping_status":"closed","sticky":false,"template":"","format":"standard","meta":{"footnotes":""},"categories":[4],"tags":[],"class_list":["post-34503","post","type-post","status-publish","format-standard","has-post-thumbnail","hentry","category-noticias"],"_links":{"self":[{"href":"https:\/\/radioimprensa.com.br\/index.php\/wp-json\/wp\/v2\/posts\/34503","targetHints":{"allow":["GET"]}}],"collection":[{"href":"https:\/\/radioimprensa.com.br\/index.php\/wp-json\/wp\/v2\/posts"}],"about":[{"href":"https:\/\/radioimprensa.com.br\/index.php\/wp-json\/wp\/v2\/types\/post"}],"author":[{"embeddable":true,"href":"https:\/\/radioimprensa.com.br\/index.php\/wp-json\/wp\/v2\/users\/2"}],"replies":[{"embeddable":true,"href":"https:\/\/radioimprensa.com.br\/index.php\/wp-json\/wp\/v2\/comments?post=34503"}],"version-history":[{"count":0,"href":"https:\/\/radioimprensa.com.br\/index.php\/wp-json\/wp\/v2\/posts\/34503\/revisions"}],"wp:featuredmedia":[{"embeddable":true,"href":"https:\/\/radioimprensa.com.br\/index.php\/wp-json\/wp\/v2\/media\/34504"}],"wp:attachment":[{"href":"https:\/\/radioimprensa.com.br\/index.php\/wp-json\/wp\/v2\/media?parent=34503"}],"wp:term":[{"taxonomy":"category","embeddable":true,"href":"https:\/\/radioimprensa.com.br\/index.php\/wp-json\/wp\/v2\/categories?post=34503"},{"taxonomy":"post_tag","embeddable":true,"href":"https:\/\/radioimprensa.com.br\/index.php\/wp-json\/wp\/v2\/tags?post=34503"}],"curies":[{"name":"wp","href":"https:\/\/api.w.org\/{rel}","templated":true}]}}