{"id":34555,"date":"2023-12-02T11:38:38","date_gmt":"2023-12-02T13:38:38","guid":{"rendered":"https:\/\/radioimprensa.com.br\/?p=34555"},"modified":"2023-12-02T11:38:38","modified_gmt":"2023-12-02T13:38:38","slug":"tse-conclui-testes-publicos-de-urnas-para-as-eleicoes-de-2024","status":"publish","type":"post","link":"https:\/\/radioimprensa.com.br\/index.php\/2023\/12\/02\/tse-conclui-testes-publicos-de-urnas-para-as-eleicoes-de-2024\/","title":{"rendered":"TSE conclui testes p\u00fablicos de urnas para as elei\u00e7\u00f5es de 2024"},"content":{"rendered":"<div class=\"post-item-wrap\">\n<p>O Tribunal Superior Eleitoral (TSE) encerrou nesta sexta-feira (1\u00b0) o teste p\u00fablico de seguran\u00e7a das urnas eletr\u00f4nicas que ser\u00e3o utilizadas nas elei\u00e7\u00f5es municipais de 2024. O teste \u00e9 um procedimento de praxe realizado desde 2009.<img decoding=\"async\" src=\"https:\/\/agenciabrasil.ebc.com.br\/ebc.png?id=1570033&amp;o=node\" \/><img decoding=\"async\" src=\"https:\/\/agenciabrasil.ebc.com.br\/ebc.gif?id=1570033&amp;o=node\" \/><\/p>\n<p>Ao longo de cinco dias, especialistas em tecnologia da informa\u00e7\u00e3o puderam testar os equipamentos da urna eletr\u00f4nica que fazem a coleta e a transmiss\u00e3o dos votos dos eleitores.\u00a0O resultado dos testes deve ser divulgado pelo TSE no dia 15 de dezembro e v\u00e3o apontar sugest\u00f5es de aprimoramento dos sistemas.<\/p>\n<p>Segundo o Tribunal, assim como nas sete edi\u00e7\u00f5es anteriores dos testes, os pesquisadores atestaram a seguran\u00e7a dos sistemas da urna e n\u00e3o encontraram nenhuma possibilidade de viola\u00e7\u00e3o do sigilo dos votos e de falhas na transmiss\u00e3o dos dados da vota\u00e7\u00e3o.<\/p>\n<p>Os investigadores executaram planos de testes dos sistemas e inspecionaram os programas que fazem o controle das pe\u00e7as eletr\u00f4nicas do equipamento, al\u00e9m do sistema que realiza a apura\u00e7\u00e3o e a vota\u00e7\u00e3o.<\/p>\n<p>Em 2021, nos testes realizados antes das elei\u00e7\u00f5es do ano passado, pontos vulner\u00e1veis da urna eletr\u00f4nica foram encontrados. Segundo o TSE, as falhas foram corrigidas em maio daquele ano, antes das elei\u00e7\u00f5es, e o sigilo do voto e da totaliza\u00e7\u00e3o da apura\u00e7\u00e3o n\u00e3o foram violados.<\/p>\n<p>Fonte: Ag\u00eancia Brasil \/ Foto: Ant\u00f4nio Augusto, ASCOM\/TSE<\/p>\n<\/div>\n","protected":false},"excerpt":{"rendered":"<p>O Tribunal Superior Eleitoral (TSE) encerrou nesta sexta-feira (1\u00b0) o teste p\u00fablico de seguran\u00e7a das urnas eletr\u00f4nicas que ser\u00e3o utilizadas nas elei\u00e7\u00f5es municipais de 2024. O teste \u00e9 um procedimento de praxe realizado desde 2009. Ao longo de cinco dias, especialistas em tecnologia da informa\u00e7\u00e3o puderam testar os equipamentos da urna eletr\u00f4nica que fazem a &hellip; <\/p>\n","protected":false},"author":2,"featured_media":27446,"comment_status":"closed","ping_status":"closed","sticky":false,"template":"","format":"aside","meta":{"footnotes":""},"categories":[4],"tags":[],"class_list":["post-34555","post","type-post","status-publish","format-aside","has-post-thumbnail","hentry","category-noticias","post_format-post-format-aside"],"_links":{"self":[{"href":"https:\/\/radioimprensa.com.br\/index.php\/wp-json\/wp\/v2\/posts\/34555","targetHints":{"allow":["GET"]}}],"collection":[{"href":"https:\/\/radioimprensa.com.br\/index.php\/wp-json\/wp\/v2\/posts"}],"about":[{"href":"https:\/\/radioimprensa.com.br\/index.php\/wp-json\/wp\/v2\/types\/post"}],"author":[{"embeddable":true,"href":"https:\/\/radioimprensa.com.br\/index.php\/wp-json\/wp\/v2\/users\/2"}],"replies":[{"embeddable":true,"href":"https:\/\/radioimprensa.com.br\/index.php\/wp-json\/wp\/v2\/comments?post=34555"}],"version-history":[{"count":0,"href":"https:\/\/radioimprensa.com.br\/index.php\/wp-json\/wp\/v2\/posts\/34555\/revisions"}],"wp:featuredmedia":[{"embeddable":true,"href":"https:\/\/radioimprensa.com.br\/index.php\/wp-json\/wp\/v2\/media\/27446"}],"wp:attachment":[{"href":"https:\/\/radioimprensa.com.br\/index.php\/wp-json\/wp\/v2\/media?parent=34555"}],"wp:term":[{"taxonomy":"category","embeddable":true,"href":"https:\/\/radioimprensa.com.br\/index.php\/wp-json\/wp\/v2\/categories?post=34555"},{"taxonomy":"post_tag","embeddable":true,"href":"https:\/\/radioimprensa.com.br\/index.php\/wp-json\/wp\/v2\/tags?post=34555"}],"curies":[{"name":"wp","href":"https:\/\/api.w.org\/{rel}","templated":true}]}}