{"id":34557,"date":"2023-12-02T11:42:47","date_gmt":"2023-12-02T13:42:47","guid":{"rendered":"https:\/\/radioimprensa.com.br\/?p=34557"},"modified":"2023-12-02T11:42:47","modified_gmt":"2023-12-02T13:42:47","slug":"engenheiro-de-assalto-ao-banco-central-e-preso","status":"publish","type":"post","link":"https:\/\/radioimprensa.com.br\/index.php\/2023\/12\/02\/engenheiro-de-assalto-ao-banco-central-e-preso\/","title":{"rendered":"Engenheiro de assalto ao Banco Central \u00e9 preso"},"content":{"rendered":"<p>Policiais do Departamento Estadual de Investiga\u00e7\u00f5es Criminais (Deic) prenderam nesta sexta-feira, 1\u00ba, o engenheiro Marcos Rog\u00e9rio Morais, apontado como um dos respons\u00e1veis por projetar e supervisionar o t\u00fanel usado pela quadrilha no assalto ao\u00a0Banco Central de Fortaleza, no Cear\u00e1, em 2005. Foragido h\u00e1 12 anos, ele foi capturado em\u00a0Sorocaba, no interior de S\u00e3o Paulo.<\/p>\n<p data-t=\"{&quot;n&quot;:&quot;blueLinks&quot;}\">A pris\u00e3o foi feita por policiais da 1\u00aa Delegacia Patrim\u00f4nio (Investiga\u00e7\u00f5es sobre Roubo e Latroc\u00ednio). A equipe apurava informa\u00e7\u00f5es de que o procurado passou a frequentar um im\u00f3vel na cidade de Salto. O trabalho de investiga\u00e7\u00e3o teve apoio da Unidade de Intelig\u00eancia Policial do Deic.<\/p>\n<div class=\"mm_conteudo blog-multimidia foto\">\n<div class=\"article-image-slot image-slot-placeholder\" data-image-href=\"https:\/\/www.msn.com\/pt-br\/noticias\/brasil\/roubo-ao-banco-central-engenheiro-apontado-como-respons%C3%A1vel-pelo-t%C3%BAnel-%C3%A9-preso-ap%C3%B3s-12-anos-em-sp\/ar-AA1kSPoj?ocid=msedgntp&amp;cvid=e36e243b21494814ace805fe4528eec9&amp;ei=35&amp;fullscreen=true#image=1\" data-doc-id=\"cms\/api\/amp\/image\/AA1kT8Fq\">\n<div class=\"article-image-slot\">\n<div class=\"article-image-container \" data-t=\"{&quot;n&quot;:&quot;OpenModal&quot;,&quot;t&quot;:13}\" data-test-id=\"AA1kT8Fq\">\n<p class=\"continue-read-break\" data-t=\"{&quot;n&quot;:&quot;blueLinks&quot;}\">O foragido passou a ser monitorado. Ele foi localizado em um shopping de Sorocaba e n\u00e3o ofereceu resist\u00eancia ao ser abordado, segundo nota da Secretaria de Seguran\u00e7a P\u00fablica (SSP). Os policiais tamb\u00e9m cumpriram mandado de busca e apreens\u00e3o no im\u00f3vel do criminoso, em Salto, onde morava sua esposa.<\/p>\n<p data-t=\"{&quot;n&quot;:&quot;blueLinks&quot;}\">\u201cCabe\u00e7\u00e3o\u201d ou \u201cBoc\u00e3o\u201d, como \u00e9 conhecido, estava foragido havia 12 anos, desde que foi resgatado por homens fortemente armados do Pres\u00eddio de Itatinga, no Cear\u00e1. A a\u00e7\u00e3o criminosa, que levou R$ 164 milh\u00f5es, \u00e9 at\u00e9 hoje a maior da hist\u00f3ria do Pa\u00eds.<\/p>\n<div class=\"mm_conteudo blog-multimidia foto\">\n<div class=\"article-image-slot image-slot-placeholder\" data-image-href=\"https:\/\/www.msn.com\/pt-br\/noticias\/brasil\/roubo-ao-banco-central-engenheiro-apontado-como-respons%C3%A1vel-pelo-t%C3%BAnel-%C3%A9-preso-ap%C3%B3s-12-anos-em-sp\/ar-AA1kSPoj?ocid=msedgntp&amp;cvid=e36e243b21494814ace805fe4528eec9&amp;ei=35&amp;fullscreen=true#image=2\" data-doc-id=\"cms\/api\/amp\/image\/AA1kSRwV\">\n<div class=\"article-image-slot\">\n<div class=\"article-image-container \" data-t=\"{&quot;n&quot;:&quot;OpenModal&quot;,&quot;t&quot;:13}\" data-test-id=\"AA1kSRwV\">Fonte: Estad\u00e3o \/ Foto: Reprodu\u00e7\u00e3o via Estad\u00e3o<\/div>\n<\/div>\n<\/div>\n<\/div>\n<\/div>\n<\/div>\n<\/div>\n<\/div>\n","protected":false},"excerpt":{"rendered":"<p>Policiais do Departamento Estadual de Investiga\u00e7\u00f5es Criminais (Deic) prenderam nesta sexta-feira, 1\u00ba, o engenheiro Marcos Rog\u00e9rio Morais, apontado como um dos respons\u00e1veis por projetar e supervisionar o t\u00fanel usado pela quadrilha no assalto ao\u00a0Banco Central de Fortaleza, no Cear\u00e1, em 2005. Foragido h\u00e1 12 anos, ele foi capturado em\u00a0Sorocaba, no interior de S\u00e3o Paulo. A &hellip; <\/p>\n","protected":false},"author":2,"featured_media":34558,"comment_status":"closed","ping_status":"closed","sticky":false,"template":"","format":"aside","meta":{"footnotes":""},"categories":[4],"tags":[],"class_list":["post-34557","post","type-post","status-publish","format-aside","has-post-thumbnail","hentry","category-noticias","post_format-post-format-aside"],"_links":{"self":[{"href":"https:\/\/radioimprensa.com.br\/index.php\/wp-json\/wp\/v2\/posts\/34557","targetHints":{"allow":["GET"]}}],"collection":[{"href":"https:\/\/radioimprensa.com.br\/index.php\/wp-json\/wp\/v2\/posts"}],"about":[{"href":"https:\/\/radioimprensa.com.br\/index.php\/wp-json\/wp\/v2\/types\/post"}],"author":[{"embeddable":true,"href":"https:\/\/radioimprensa.com.br\/index.php\/wp-json\/wp\/v2\/users\/2"}],"replies":[{"embeddable":true,"href":"https:\/\/radioimprensa.com.br\/index.php\/wp-json\/wp\/v2\/comments?post=34557"}],"version-history":[{"count":0,"href":"https:\/\/radioimprensa.com.br\/index.php\/wp-json\/wp\/v2\/posts\/34557\/revisions"}],"wp:featuredmedia":[{"embeddable":true,"href":"https:\/\/radioimprensa.com.br\/index.php\/wp-json\/wp\/v2\/media\/34558"}],"wp:attachment":[{"href":"https:\/\/radioimprensa.com.br\/index.php\/wp-json\/wp\/v2\/media?parent=34557"}],"wp:term":[{"taxonomy":"category","embeddable":true,"href":"https:\/\/radioimprensa.com.br\/index.php\/wp-json\/wp\/v2\/categories?post=34557"},{"taxonomy":"post_tag","embeddable":true,"href":"https:\/\/radioimprensa.com.br\/index.php\/wp-json\/wp\/v2\/tags?post=34557"}],"curies":[{"name":"wp","href":"https:\/\/api.w.org\/{rel}","templated":true}]}}