{"id":34998,"date":"2023-11-06T12:21:11","date_gmt":"2023-11-06T14:21:11","guid":{"rendered":"https:\/\/radioimprensa.com.br\/?p=34418"},"modified":"2023-11-06T12:21:11","modified_gmt":"2023-11-06T14:21:11","slug":"cbf-agenda-amistoso-com-inglaterra-para-marco-de-2024","status":"publish","type":"post","link":"https:\/\/radioimprensa.com.br\/index.php\/2023\/11\/06\/cbf-agenda-amistoso-com-inglaterra-para-marco-de-2024\/","title":{"rendered":"CBF agenda amistoso com Inglaterra para mar\u00e7o de 2024"},"content":{"rendered":"\n<p>A CBF anunciou que a sele\u00e7\u00e3o brasileira far\u00e1 um amistoso com a Inglaterra em 23 de mar\u00e7o de 2024. A partida ser\u00e1 no Est\u00e1dio de Wembley, em Londres.<\/p>\n\n\n\n<p>O jogo ser\u00e1 o primeiro compromisso da sele\u00e7\u00e3o brasileira na data Fifa de mar\u00e7o de 2024. Nesta janela, o Brasil tamb\u00e9m enfrentar\u00e1 a Espanha.<\/p>\n\n\n\n<p>Brasil e Inglaterra se enfrentaram pela \u00faltima vez em 2017, em um empate sem gols.<\/p>\n\n\n\n<p>Ser\u00e1 o primeiro jogo da sele\u00e7\u00e3o inglesa contra uma equipe sul-americana em seis anos.<\/p>\n\n\n\n<p>Fonte: UOL \/ Foto: Lucas Figueiredo, CBF<\/p>\n","protected":false},"excerpt":{"rendered":"<p>A CBF anunciou que a sele\u00e7\u00e3o brasileira far\u00e1 um amistoso com a Inglaterra em 23 de mar\u00e7o de 2024. A partida ser\u00e1 no Est\u00e1dio de Wembley, em Londres. O jogo ser\u00e1 o primeiro compromisso da sele\u00e7\u00e3o brasileira na data Fifa de mar\u00e7o de 2024. Nesta janela, o Brasil tamb\u00e9m enfrentar\u00e1 a Espanha. Brasil e Inglaterra &hellip; <\/p>\n","protected":false},"author":2,"featured_media":30344,"comment_status":"closed","ping_status":"closed","sticky":false,"template":"","format":"standard","meta":{"footnotes":""},"categories":[4],"tags":[],"class_list":["post-34998","post","type-post","status-publish","format-standard","has-post-thumbnail","hentry","category-noticias"],"_links":{"self":[{"href":"https:\/\/radioimprensa.com.br\/index.php\/wp-json\/wp\/v2\/posts\/34998","targetHints":{"allow":["GET"]}}],"collection":[{"href":"https:\/\/radioimprensa.com.br\/index.php\/wp-json\/wp\/v2\/posts"}],"about":[{"href":"https:\/\/radioimprensa.com.br\/index.php\/wp-json\/wp\/v2\/types\/post"}],"author":[{"embeddable":true,"href":"https:\/\/radioimprensa.com.br\/index.php\/wp-json\/wp\/v2\/users\/2"}],"replies":[{"embeddable":true,"href":"https:\/\/radioimprensa.com.br\/index.php\/wp-json\/wp\/v2\/comments?post=34998"}],"version-history":[{"count":0,"href":"https:\/\/radioimprensa.com.br\/index.php\/wp-json\/wp\/v2\/posts\/34998\/revisions"}],"wp:featuredmedia":[{"embeddable":true,"href":"https:\/\/radioimprensa.com.br\/index.php\/wp-json\/wp\/v2\/media\/30344"}],"wp:attachment":[{"href":"https:\/\/radioimprensa.com.br\/index.php\/wp-json\/wp\/v2\/media?parent=34998"}],"wp:term":[{"taxonomy":"category","embeddable":true,"href":"https:\/\/radioimprensa.com.br\/index.php\/wp-json\/wp\/v2\/categories?post=34998"},{"taxonomy":"post_tag","embeddable":true,"href":"https:\/\/radioimprensa.com.br\/index.php\/wp-json\/wp\/v2\/tags?post=34998"}],"curies":[{"name":"wp","href":"https:\/\/api.w.org\/{rel}","templated":true}]}}