{"id":34999,"date":"2023-11-06T12:25:51","date_gmt":"2023-11-06T14:25:51","guid":{"rendered":"https:\/\/radioimprensa.com.br\/?p=34420"},"modified":"2023-11-06T12:25:51","modified_gmt":"2023-11-06T14:25:51","slug":"primeiro-dia-do-enem-2023-teve-281-de-ausencias","status":"publish","type":"post","link":"https:\/\/radioimprensa.com.br\/index.php\/2023\/11\/06\/primeiro-dia-do-enem-2023-teve-281-de-ausencias\/","title":{"rendered":"Primeiro dia do Enem 2023 teve 28,1% de aus\u00eancias"},"content":{"rendered":"\n<p>O primeiro dia de aplica\u00e7\u00e3o das provas do Exame Nacional do Ensino M\u00e9dio (Enem) de 2023, neste domingo (5), registrou aus\u00eancia m\u00e9dia nacional de 28,1%. Os dados s\u00e3o premilinares com base em 98% dos locais em que o exame foi realizado. Foram mais de\u00a03,9 milh\u00f5es de inscritos\u00a0neste ano. Ao todo, fizeram o exame 71,9% dos candidatos, em mais de 132 mil salas de 1.750 munic\u00edpios brasileiros. A absten\u00e7\u00e3o foi similar \u00e0 registrada no ano passado (28,3%).\u00a0<img decoding=\"async\" src=\"https:\/\/agenciabrasil.ebc.com.br\/ebc.png?id=1564652&amp;o=node\"><img decoding=\"async\" src=\"https:\/\/agenciabrasil.ebc.com.br\/ebc.gif?id=1564652&amp;o=node\"><\/p>\n\n\n\n<p>O balan\u00e7o do dia de aplica\u00e7\u00e3o foi feito pelo ministro da Educa\u00e7\u00e3o, Camilo Santana, e o presidente do Instituto Nacional de Estudos e Pesquisas Educacionais An\u00edsio Teixeira (Inep), Manuel Pal\u00e1cios, em coletiva de imprensa na noite deste domingo. Neste primeiro dia, os estudantes fizeram as provas de linguagens; c\u00f3digos e suas tecnologias; e ci\u00eancias humanas e suas tecnologias, al\u00e9m da reda\u00e7\u00e3o.<\/p>\n\n\n\n<p><strong>Incidentes<\/strong><\/p>\n\n\n\n<p>Segundo o balan\u00e7o apresentado por Santana, o primeiro dia de provas do Enem 2023 teve 4.293 candidatos eliminados por viola\u00e7\u00f5es, como portar equipamento eletr\u00f4nico, ausentar-se da sala antes do hor\u00e1rio permitido (15h30), utilizar impressos e n\u00e3o atender orienta\u00e7\u00f5es dos fiscais. Todas essas regras est\u00e3o previstas no edital.<\/p>\n\n\n\n<p>Tamb\u00e9m foram contabilizados 905 candidatos que tiveram problemas durante a aplica\u00e7\u00e3o das provas, que envolveram emerg\u00eancias m\u00e9dicas, interrup\u00e7\u00f5es tempor\u00e1rias de energia e desabastecimento de \u00e1gua.&nbsp;<\/p>\n\n\n\n<p>Estudantes que foram prejudicados por condi\u00e7\u00f5es clim\u00e1ticas e problemas de log\u00edstica, e tamb\u00e9m aqueles que foram alocados em locais de prova em dist\u00e2ncia maior do que a previs\u00e3o do edital (30 quil\u00f4metros), poder\u00e3o solicitar a reaplica\u00e7\u00e3o das provas para os dias 12 e 13 de dezembro. Os casos de doen\u00e7as e quest\u00f5es de sa\u00fade que impediram a realiza\u00e7\u00e3o da prova tamb\u00e9m d\u00e3o direito \u00e0 reaplica\u00e7\u00e3o. O requerimento ser\u00e1 disponibilizado pelo Inep.<\/p>\n\n\n\n<p>Fonte: Ag\u00eancia Brasil \/ Foto: Rovena Rosa, Arquivo Ag\u00eancia Brasil<\/p>\n","protected":false},"excerpt":{"rendered":"<p>O primeiro dia de aplica\u00e7\u00e3o das provas do Exame Nacional do Ensino M\u00e9dio (Enem) de 2023, neste domingo (5), registrou aus\u00eancia m\u00e9dia nacional de 28,1%. Os dados s\u00e3o premilinares com base em 98% dos locais em que o exame foi realizado. Foram mais de\u00a03,9 milh\u00f5es de inscritos\u00a0neste ano. Ao todo, fizeram o exame 71,9% dos &hellip; <\/p>\n","protected":false},"author":2,"featured_media":27554,"comment_status":"closed","ping_status":"closed","sticky":false,"template":"","format":"standard","meta":{"footnotes":""},"categories":[4],"tags":[],"class_list":["post-34999","post","type-post","status-publish","format-standard","has-post-thumbnail","hentry","category-noticias"],"_links":{"self":[{"href":"https:\/\/radioimprensa.com.br\/index.php\/wp-json\/wp\/v2\/posts\/34999","targetHints":{"allow":["GET"]}}],"collection":[{"href":"https:\/\/radioimprensa.com.br\/index.php\/wp-json\/wp\/v2\/posts"}],"about":[{"href":"https:\/\/radioimprensa.com.br\/index.php\/wp-json\/wp\/v2\/types\/post"}],"author":[{"embeddable":true,"href":"https:\/\/radioimprensa.com.br\/index.php\/wp-json\/wp\/v2\/users\/2"}],"replies":[{"embeddable":true,"href":"https:\/\/radioimprensa.com.br\/index.php\/wp-json\/wp\/v2\/comments?post=34999"}],"version-history":[{"count":0,"href":"https:\/\/radioimprensa.com.br\/index.php\/wp-json\/wp\/v2\/posts\/34999\/revisions"}],"wp:featuredmedia":[{"embeddable":true,"href":"https:\/\/radioimprensa.com.br\/index.php\/wp-json\/wp\/v2\/media\/27554"}],"wp:attachment":[{"href":"https:\/\/radioimprensa.com.br\/index.php\/wp-json\/wp\/v2\/media?parent=34999"}],"wp:term":[{"taxonomy":"category","embeddable":true,"href":"https:\/\/radioimprensa.com.br\/index.php\/wp-json\/wp\/v2\/categories?post=34999"},{"taxonomy":"post_tag","embeddable":true,"href":"https:\/\/radioimprensa.com.br\/index.php\/wp-json\/wp\/v2\/tags?post=34999"}],"curies":[{"name":"wp","href":"https:\/\/api.w.org\/{rel}","templated":true}]}}