{"id":35052,"date":"2023-11-07T09:16:41","date_gmt":"2023-11-07T11:16:41","guid":{"rendered":"https:\/\/radioimprensa.com.br\/?p=34423"},"modified":"2023-11-07T09:16:41","modified_gmt":"2023-11-07T11:16:41","slug":"cet-inaugura-nova-faixa-azul-em-sao-paulo","status":"publish","type":"post","link":"https:\/\/radioimprensa.com.br\/index.php\/2023\/11\/07\/cet-inaugura-nova-faixa-azul-em-sao-paulo\/","title":{"rendered":"CET inaugura nova Faixa Azul em S\u00e3o Paulo"},"content":{"rendered":"\n<p>A\u00a0Faixa Azul\u00a0exclusiva para motos passou a funcionar\u00a0nas\u00a0Avenidas Sumar\u00e9\u00a0e\u00a0Paulo VI\u00a0nesta segunda-feira (6). Anteriormente, a iniciativa j\u00e1 estava presente\u00a0nas\u00a0avenidas\u00a023 de Maio,\u00a0Bandeirantes\u00a0e\u00a0Prestes Maia.<\/p>\n\n\n\n<p>Implementada no tr\u00e2nsito paulistano\u00a0em janeiro do ano passado, a faixa ajudou a fazer com que o n\u00famero de\u00a0acidentes fatais\u00a0diminu\u00edsse. Com a nova adi\u00e7\u00e3o, o servi\u00e7o ganhou\u00a0mais seis quil\u00f4metros\u00a0e agora se estende por\u00a033 quil\u00f4metros\u00a0da capital paulista.<\/p>\n\n\n\n<p>Em setembro, o\u00a0Minist\u00e9rio dos Transportes\u00a0autorizou\u00a0S\u00e3o Paulo\u00a0a ter mais quatro faixas. Vale lembrar que aproximadamente\u00a01,3 milh\u00e3o de motocicletas\u00a0circulam na cidade. As novas vias contempladas pela iniciativa\u00a0s\u00e3o classificadas como\u00a0arteriais.<\/p>\n\n\n\n<p>Fonte: TV Cultura \/ Foto: Reprodu\u00e7\u00e3o<\/p>\n","protected":false},"excerpt":{"rendered":"<p>A\u00a0Faixa Azul\u00a0exclusiva para motos passou a funcionar\u00a0nas\u00a0Avenidas Sumar\u00e9\u00a0e\u00a0Paulo VI\u00a0nesta segunda-feira (6). Anteriormente, a iniciativa j\u00e1 estava presente\u00a0nas\u00a0avenidas\u00a023 de Maio,\u00a0Bandeirantes\u00a0e\u00a0Prestes Maia. Implementada no tr\u00e2nsito paulistano\u00a0em janeiro do ano passado, a faixa ajudou a fazer com que o n\u00famero de\u00a0acidentes fatais\u00a0diminu\u00edsse. Com a nova adi\u00e7\u00e3o, o servi\u00e7o ganhou\u00a0mais seis quil\u00f4metros\u00a0e agora se estende por\u00a033 quil\u00f4metros\u00a0da capital paulista. &hellip; <\/p>\n","protected":false},"author":2,"featured_media":16322,"comment_status":"closed","ping_status":"closed","sticky":false,"template":"","format":"standard","meta":{"footnotes":""},"categories":[4],"tags":[],"class_list":["post-35052","post","type-post","status-publish","format-standard","has-post-thumbnail","hentry","category-noticias"],"_links":{"self":[{"href":"https:\/\/radioimprensa.com.br\/index.php\/wp-json\/wp\/v2\/posts\/35052","targetHints":{"allow":["GET"]}}],"collection":[{"href":"https:\/\/radioimprensa.com.br\/index.php\/wp-json\/wp\/v2\/posts"}],"about":[{"href":"https:\/\/radioimprensa.com.br\/index.php\/wp-json\/wp\/v2\/types\/post"}],"author":[{"embeddable":true,"href":"https:\/\/radioimprensa.com.br\/index.php\/wp-json\/wp\/v2\/users\/2"}],"replies":[{"embeddable":true,"href":"https:\/\/radioimprensa.com.br\/index.php\/wp-json\/wp\/v2\/comments?post=35052"}],"version-history":[{"count":0,"href":"https:\/\/radioimprensa.com.br\/index.php\/wp-json\/wp\/v2\/posts\/35052\/revisions"}],"wp:featuredmedia":[{"embeddable":true,"href":"https:\/\/radioimprensa.com.br\/index.php\/wp-json\/wp\/v2\/media\/16322"}],"wp:attachment":[{"href":"https:\/\/radioimprensa.com.br\/index.php\/wp-json\/wp\/v2\/media?parent=35052"}],"wp:term":[{"taxonomy":"category","embeddable":true,"href":"https:\/\/radioimprensa.com.br\/index.php\/wp-json\/wp\/v2\/categories?post=35052"},{"taxonomy":"post_tag","embeddable":true,"href":"https:\/\/radioimprensa.com.br\/index.php\/wp-json\/wp\/v2\/tags?post=35052"}],"curies":[{"name":"wp","href":"https:\/\/api.w.org\/{rel}","templated":true}]}}