{"id":35054,"date":"2023-11-08T08:16:16","date_gmt":"2023-11-08T10:16:16","guid":{"rendered":"https:\/\/radioimprensa.com.br\/?p=34427"},"modified":"2023-11-08T08:16:16","modified_gmt":"2023-11-08T10:16:16","slug":"forro-e-reconhecido-como-manifestacao-da-cultura-nacional","status":"publish","type":"post","link":"https:\/\/radioimprensa.com.br\/index.php\/2023\/11\/08\/forro-e-reconhecido-como-manifestacao-da-cultura-nacional\/","title":{"rendered":"Forr\u00f3 \u00e9 reconhecido como manifesta\u00e7\u00e3o da cultura nacional"},"content":{"rendered":"\n<p>O g\u00eanero musical forr\u00f3 foi reconhecido como manifesta\u00e7\u00e3o da cultura nacional O projeto de lei que j\u00e1 havia sido aprovado na C\u00e2mara dos Deputados e no Senado foi sancionado pelo presidente Luiz In\u00e1cio Lula da Silva nesta ter\u00e7a-feira (7).&nbsp;<img decoding=\"async\" src=\"https:\/\/agenciabrasil.ebc.com.br\/ebc.png?id=1565168&amp;o=node\"><img decoding=\"async\" src=\"https:\/\/agenciabrasil.ebc.com.br\/ebc.gif?id=1565168&amp;o=node\"><\/p>\n\n\n\n<p>Segundo o projeto de lei, o forr\u00f3 \u00e9 um dos mais aut\u00eanticos g\u00eaneros musicais brasileiros. Nascido a partir da mistura de ritmos tradicionais da Regi\u00e3o Nordeste como bai\u00e3o, xaxado, coco, arrasta-p\u00e9 e xote, existe h\u00e1 cerca de sete d\u00e9cadas. Em 2021, o Instituto do Patrim\u00f4nio Hist\u00f3rico e Art\u00edstico Nacional (Iphan) declarou as\u00a0matrizes tradicionais do forr\u00f3 como Patrim\u00f4nio Cultural do Brasil.<\/p>\n\n\n\n<p>Participaram da assinatura a ministra da Cultura, Margareth Menezes, o ministro das Rela\u00e7\u00f5es Institucionais, Alexandre Padilha, e o deputado federal Z\u00e9 Neto (PT-BA), autor da proposta, e a senadora Teresa Leit\u00e3o (PT-PE), que foi relatora do projeto no Senado.&nbsp;&nbsp;<\/p>\n\n\n\n<p>Fonte: Ag\u00eancia Brasil \/ Foto: Sumaia Villela, Ag\u00eancia Brasil<\/p>\n","protected":false},"excerpt":{"rendered":"<p>O g\u00eanero musical forr\u00f3 foi reconhecido como manifesta\u00e7\u00e3o da cultura nacional O projeto de lei que j\u00e1 havia sido aprovado na C\u00e2mara dos Deputados e no Senado foi sancionado pelo presidente Luiz In\u00e1cio Lula da Silva nesta ter\u00e7a-feira (7).&nbsp; Segundo o projeto de lei, o forr\u00f3 \u00e9 um dos mais aut\u00eanticos g\u00eaneros musicais brasileiros. Nascido &hellip; <\/p>\n","protected":false},"author":2,"featured_media":34428,"comment_status":"closed","ping_status":"closed","sticky":false,"template":"","format":"standard","meta":{"footnotes":""},"categories":[4],"tags":[],"class_list":["post-35054","post","type-post","status-publish","format-standard","has-post-thumbnail","hentry","category-noticias"],"_links":{"self":[{"href":"https:\/\/radioimprensa.com.br\/index.php\/wp-json\/wp\/v2\/posts\/35054","targetHints":{"allow":["GET"]}}],"collection":[{"href":"https:\/\/radioimprensa.com.br\/index.php\/wp-json\/wp\/v2\/posts"}],"about":[{"href":"https:\/\/radioimprensa.com.br\/index.php\/wp-json\/wp\/v2\/types\/post"}],"author":[{"embeddable":true,"href":"https:\/\/radioimprensa.com.br\/index.php\/wp-json\/wp\/v2\/users\/2"}],"replies":[{"embeddable":true,"href":"https:\/\/radioimprensa.com.br\/index.php\/wp-json\/wp\/v2\/comments?post=35054"}],"version-history":[{"count":0,"href":"https:\/\/radioimprensa.com.br\/index.php\/wp-json\/wp\/v2\/posts\/35054\/revisions"}],"wp:featuredmedia":[{"embeddable":true,"href":"https:\/\/radioimprensa.com.br\/index.php\/wp-json\/"}],"wp:attachment":[{"href":"https:\/\/radioimprensa.com.br\/index.php\/wp-json\/wp\/v2\/media?parent=35054"}],"wp:term":[{"taxonomy":"category","embeddable":true,"href":"https:\/\/radioimprensa.com.br\/index.php\/wp-json\/wp\/v2\/categories?post=35054"},{"taxonomy":"post_tag","embeddable":true,"href":"https:\/\/radioimprensa.com.br\/index.php\/wp-json\/wp\/v2\/tags?post=35054"}],"curies":[{"name":"wp","href":"https:\/\/api.w.org\/{rel}","templated":true}]}}