{"id":35055,"date":"2023-11-08T12:17:26","date_gmt":"2023-11-08T14:17:26","guid":{"rendered":"https:\/\/radioimprensa.com.br\/?p=34433"},"modified":"2023-11-08T12:17:26","modified_gmt":"2023-11-08T14:17:26","slug":"vacinacao-contra-a-raiva-nesta-semana-em-cotia","status":"publish","type":"post","link":"https:\/\/radioimprensa.com.br\/index.php\/2023\/11\/08\/vacinacao-contra-a-raiva-nesta-semana-em-cotia\/","title":{"rendered":"Vacina\u00e7\u00e3o contra a raiva, nesta semana, em Cotia"},"content":{"rendered":"\n<p>O setor de zoonoses de Cotia promover\u00e1 duas edi\u00e7\u00f5es da vacina\u00e7\u00e3o antirr\u00e1bica de rotina para c\u00e3es e gatos nesta semana. Amanh\u00e3 (9), das 15h \u00e0s 20h, no Bairro do Port\u00e3o \u2013 Avenida Professor Manoel Jos\u00e9 Pedroso, 1565, e no dia 11 (s\u00e1bado), das 9h \u00e0s 12h, no Recanto Verde \u2013 Rua Gabirobas, s\/n. O respons\u00e1vel pelo animal dever\u00e1 apresentar documento de identifica\u00e7\u00e3o oficial.<\/p>\n\n\n\n<p>A vacina antirr\u00e1bica de rotina \u00e9 aplicada anualmente em c\u00e3es e gatos. \u00c9 preciso que o animal tenha a partir de quatro meses de idade, esteja em boas condi\u00e7\u00f5es de sa\u00fade e, no caso das f\u00eameas, n\u00e3o estejam prenhes ou amamentando.<\/p>\n\n\n\n<p>Quem n\u00e3o puder comparecer nas a\u00e7\u00f5es de quinta-feira e de s\u00e1bado, pode fazer o agendamento pelo telefone 4616-6493 e levar o seu c\u00e3o e\/ou gato no Setor de Zoonoses no dia e hor\u00e1rio reservados.<\/p>\n\n\n\n<p>Fonte: Jornal Cotia Agora \/ Foto: Reprodu\u00e7\u00e3o<\/p>\n","protected":false},"excerpt":{"rendered":"<p>O setor de zoonoses de Cotia promover\u00e1 duas edi\u00e7\u00f5es da vacina\u00e7\u00e3o antirr\u00e1bica de rotina para c\u00e3es e gatos nesta semana. Amanh\u00e3 (9), das 15h \u00e0s 20h, no Bairro do Port\u00e3o \u2013 Avenida Professor Manoel Jos\u00e9 Pedroso, 1565, e no dia 11 (s\u00e1bado), das 9h \u00e0s 12h, no Recanto Verde \u2013 Rua Gabirobas, s\/n. O respons\u00e1vel &hellip; <\/p>\n","protected":false},"author":2,"featured_media":34434,"comment_status":"closed","ping_status":"closed","sticky":false,"template":"","format":"standard","meta":{"footnotes":""},"categories":[4],"tags":[],"class_list":["post-35055","post","type-post","status-publish","format-standard","has-post-thumbnail","hentry","category-noticias"],"_links":{"self":[{"href":"https:\/\/radioimprensa.com.br\/index.php\/wp-json\/wp\/v2\/posts\/35055","targetHints":{"allow":["GET"]}}],"collection":[{"href":"https:\/\/radioimprensa.com.br\/index.php\/wp-json\/wp\/v2\/posts"}],"about":[{"href":"https:\/\/radioimprensa.com.br\/index.php\/wp-json\/wp\/v2\/types\/post"}],"author":[{"embeddable":true,"href":"https:\/\/radioimprensa.com.br\/index.php\/wp-json\/wp\/v2\/users\/2"}],"replies":[{"embeddable":true,"href":"https:\/\/radioimprensa.com.br\/index.php\/wp-json\/wp\/v2\/comments?post=35055"}],"version-history":[{"count":0,"href":"https:\/\/radioimprensa.com.br\/index.php\/wp-json\/wp\/v2\/posts\/35055\/revisions"}],"wp:featuredmedia":[{"embeddable":true,"href":"https:\/\/radioimprensa.com.br\/index.php\/wp-json\/wp\/v2\/menu-items\/34434"}],"wp:attachment":[{"href":"https:\/\/radioimprensa.com.br\/index.php\/wp-json\/wp\/v2\/media?parent=35055"}],"wp:term":[{"taxonomy":"category","embeddable":true,"href":"https:\/\/radioimprensa.com.br\/index.php\/wp-json\/wp\/v2\/categories?post=35055"},{"taxonomy":"post_tag","embeddable":true,"href":"https:\/\/radioimprensa.com.br\/index.php\/wp-json\/wp\/v2\/tags?post=35055"}],"curies":[{"name":"wp","href":"https:\/\/api.w.org\/{rel}","templated":true}]}}