{"id":35057,"date":"2023-11-08T12:24:51","date_gmt":"2023-11-08T14:24:51","guid":{"rendered":"https:\/\/radioimprensa.com.br\/?p=34438"},"modified":"2023-11-08T12:24:51","modified_gmt":"2023-11-08T14:24:51","slug":"13-veiculos-apreendidos-por-crime-ambiental-em-guarulhos","status":"publish","type":"post","link":"https:\/\/radioimprensa.com.br\/index.php\/2023\/11\/08\/13-veiculos-apreendidos-por-crime-ambiental-em-guarulhos\/","title":{"rendered":"13 ve\u00edculos apreendidos por crime ambiental em Guarulhos"},"content":{"rendered":"\n<p>A Guarda Civil Municipal (GCM) de Guarulhos apreendeu 11 caminh\u00f5es basculantes carregados com terra e duas m\u00e1quinas retroescavadeiras ap\u00f3s receber uma den\u00fancia sobre crime ambiental na \u00faltima sexta-feira (3), em uma \u00e1rea de quase 15 mil m\u00b2 na estrada do Cap\u00e3o Bonito, no Jardim Maria de Lourdes.<\/p>\n\n\n\n<p>As equipes abordaram os motoristas presentes no local, uma vez que os servi\u00e7os no terreno estavam em desacordo com o projeto inicial aprovado pela Prefeitura. \u201cAcionamos os agentes das secretarias de Meio Ambiente e Desenvolvimento Urbano, que confirmaram o crime ambiental. Os envolvidos e o respons\u00e1vel pelo terreno foram conduzidos \u00e0 Delegacia de Investiga\u00e7\u00f5es sobre Infra\u00e7\u00f5es contra o Meio Ambiente para depor\u201d, relatou o subcomandante da GCM, Ricardo Gentil, que coordenou a opera\u00e7\u00e3o.<\/p>\n\n\n\n<p>Ap\u00f3s a autoridade policial ouvir os envolvidos e o Instituto de Criminal\u00edstica de Guarulhos finalizar a per\u00edcias, foi lavrado um boletim de ocorr\u00eancia com base na lei 9.605\/98, artigo 54, para os indiciados por causar polui\u00e7\u00e3o que pode resultar em danos \u00e0 sa\u00fade humana ou provocar mortandade de animais ou a destrui\u00e7\u00e3o significativa da flora, cuja pena de reclus\u00e3o \u00e9 de um a quatro anos e multa.<\/p>\n\n\n\n<p>Os agentes de fiscaliza\u00e7\u00e3o lavraram autos de embargo e de infra\u00e7\u00e3o por obra de terraplanagem em desacordo com o projeto, conforme determina o C\u00f3digo de Edifica\u00e7\u00f5es e Licenciamento Urbano do Munic\u00edpio de Guarulhos, a lei 6.046\/2004, artigo 2\u00ba, combinado com o artigo 58. Os ve\u00edculos foram apreendidos administrativamente pela GCM e encaminhados ao p\u00e1tio de recolhimento.<\/p>\n\n\n\n<p>Fonte e Foto: Guarulhos Web  <\/p>\n","protected":false},"excerpt":{"rendered":"<p>A Guarda Civil Municipal (GCM) de Guarulhos apreendeu 11 caminh\u00f5es basculantes carregados com terra e duas m\u00e1quinas retroescavadeiras ap\u00f3s receber uma den\u00fancia sobre crime ambiental na \u00faltima sexta-feira (3), em uma \u00e1rea de quase 15 mil m\u00b2 na estrada do Cap\u00e3o Bonito, no Jardim Maria de Lourdes. As equipes abordaram os motoristas presentes no local, &hellip; <\/p>\n","protected":false},"author":2,"featured_media":34439,"comment_status":"closed","ping_status":"closed","sticky":false,"template":"","format":"standard","meta":{"footnotes":""},"categories":[4],"tags":[],"class_list":["post-35057","post","type-post","status-publish","format-standard","has-post-thumbnail","hentry","category-noticias"],"_links":{"self":[{"href":"https:\/\/radioimprensa.com.br\/index.php\/wp-json\/wp\/v2\/posts\/35057","targetHints":{"allow":["GET"]}}],"collection":[{"href":"https:\/\/radioimprensa.com.br\/index.php\/wp-json\/wp\/v2\/posts"}],"about":[{"href":"https:\/\/radioimprensa.com.br\/index.php\/wp-json\/wp\/v2\/types\/post"}],"author":[{"embeddable":true,"href":"https:\/\/radioimprensa.com.br\/index.php\/wp-json\/wp\/v2\/users\/2"}],"replies":[{"embeddable":true,"href":"https:\/\/radioimprensa.com.br\/index.php\/wp-json\/wp\/v2\/comments?post=35057"}],"version-history":[{"count":0,"href":"https:\/\/radioimprensa.com.br\/index.php\/wp-json\/wp\/v2\/posts\/35057\/revisions"}],"wp:featuredmedia":[{"embeddable":true,"href":"https:\/\/radioimprensa.com.br\/index.php\/wp-json\/wp\/v2\/media\/34439"}],"wp:attachment":[{"href":"https:\/\/radioimprensa.com.br\/index.php\/wp-json\/wp\/v2\/media?parent=35057"}],"wp:term":[{"taxonomy":"category","embeddable":true,"href":"https:\/\/radioimprensa.com.br\/index.php\/wp-json\/wp\/v2\/categories?post=35057"},{"taxonomy":"post_tag","embeddable":true,"href":"https:\/\/radioimprensa.com.br\/index.php\/wp-json\/wp\/v2\/tags?post=35057"}],"curies":[{"name":"wp","href":"https:\/\/api.w.org\/{rel}","templated":true}]}}