{"id":35061,"date":"2023-11-17T12:02:10","date_gmt":"2023-11-17T14:02:10","guid":{"rendered":"https:\/\/radioimprensa.com.br\/?p=34483"},"modified":"2023-11-17T12:02:10","modified_gmt":"2023-11-17T14:02:10","slug":"carreta-da-mamografia-esta-em-osasco","status":"publish","type":"post","link":"https:\/\/radioimprensa.com.br\/index.php\/2023\/11\/17\/carreta-da-mamografia-esta-em-osasco\/","title":{"rendered":"Carreta da Mamografia est\u00e1 em Osasco"},"content":{"rendered":"\n<p>A cidade de Osasco recebe, desde o dia 14, a Carreta da Mamografia, do governo estadual. O ve\u00edculo est\u00e1 no Estacionamento da Prefeitura e os exames s\u00e3o realizados de segunda a sexta-feira, das 8h \u00e0s 17h, e aos s\u00e1bados, das 8h \u00e0s 12h, exceto feriados.<\/p>\n\n\n\n<p>Mulheres de 50 a 69 anos podem utilizar, gratuitamente, os servi\u00e7os das carretas sem necessidade de pedido m\u00e9dico ou agendamento, basta apresentar RG e cart\u00e3o SUS. J\u00e1 as mulheres com idade entre 35 e 49 anos e acima de 70 anos precisam apresentar o pedido m\u00e9dico do exame, RG e cart\u00e3o do SUS.<\/p>\n\n\n\n<p>S\u00e3o disponibilizados 50 atendimentos por dia e por ordem de chegada nos dias de semana. J\u00e1 aos s\u00e1bados s\u00e3o 25 atendimentos, tamb\u00e9m por ordem de chegada.<\/p>\n\n\n\n<p>A unidade ficar\u00e1 em Osasco at\u00e9 o dia 25\/11.<\/p>\n\n\n\n<p>Fonte: Vis\u00e3o Oeste \/ Foto: Divulga\u00e7\u00e3o, GovSp<\/p>\n","protected":false},"excerpt":{"rendered":"<p>A cidade de Osasco recebe, desde o dia 14, a Carreta da Mamografia, do governo estadual. O ve\u00edculo est\u00e1 no Estacionamento da Prefeitura e os exames s\u00e3o realizados de segunda a sexta-feira, das 8h \u00e0s 17h, e aos s\u00e1bados, das 8h \u00e0s 12h, exceto feriados. Mulheres de 50 a 69 anos podem utilizar, gratuitamente, os &hellip; <\/p>\n","protected":false},"author":2,"featured_media":29241,"comment_status":"closed","ping_status":"closed","sticky":false,"template":"","format":"standard","meta":{"footnotes":""},"categories":[4],"tags":[],"class_list":["post-35061","post","type-post","status-publish","format-standard","has-post-thumbnail","hentry","category-noticias"],"_links":{"self":[{"href":"https:\/\/radioimprensa.com.br\/index.php\/wp-json\/wp\/v2\/posts\/35061","targetHints":{"allow":["GET"]}}],"collection":[{"href":"https:\/\/radioimprensa.com.br\/index.php\/wp-json\/wp\/v2\/posts"}],"about":[{"href":"https:\/\/radioimprensa.com.br\/index.php\/wp-json\/wp\/v2\/types\/post"}],"author":[{"embeddable":true,"href":"https:\/\/radioimprensa.com.br\/index.php\/wp-json\/wp\/v2\/users\/2"}],"replies":[{"embeddable":true,"href":"https:\/\/radioimprensa.com.br\/index.php\/wp-json\/wp\/v2\/comments?post=35061"}],"version-history":[{"count":0,"href":"https:\/\/radioimprensa.com.br\/index.php\/wp-json\/wp\/v2\/posts\/35061\/revisions"}],"wp:featuredmedia":[{"embeddable":true,"href":"https:\/\/radioimprensa.com.br\/index.php\/wp-json\/wp\/v2\/media\/29241"}],"wp:attachment":[{"href":"https:\/\/radioimprensa.com.br\/index.php\/wp-json\/wp\/v2\/media?parent=35061"}],"wp:term":[{"taxonomy":"category","embeddable":true,"href":"https:\/\/radioimprensa.com.br\/index.php\/wp-json\/wp\/v2\/categories?post=35061"},{"taxonomy":"post_tag","embeddable":true,"href":"https:\/\/radioimprensa.com.br\/index.php\/wp-json\/wp\/v2\/tags?post=35061"}],"curies":[{"name":"wp","href":"https:\/\/api.w.org\/{rel}","templated":true}]}}