{"id":35063,"date":"2023-11-17T12:15:43","date_gmt":"2023-11-17T14:15:43","guid":{"rendered":"https:\/\/radioimprensa.com.br\/?p=34487"},"modified":"2023-11-17T12:15:43","modified_gmt":"2023-11-17T14:15:43","slug":"cptm-doa-locomotiva-para-instituto-memoria-ferroviaria","status":"publish","type":"post","link":"https:\/\/radioimprensa.com.br\/index.php\/2023\/11\/17\/cptm-doa-locomotiva-para-instituto-memoria-ferroviaria\/","title":{"rendered":"\u200bCPTM doa locomotiva para Instituto Mem\u00f3ria Ferrovi\u00e1ria"},"content":{"rendered":"\n<p>A CPTM realizou uma doa\u00e7\u00e3o para o Instituto Mem\u00f3ria Ferrovi\u00e1ria de Rio Claro, no interior de S\u00e3o Paulo: uma locomotiva que dever\u00e1 ser utilizada no futuro Trem Tur\u00edstico do munic\u00edpio, al\u00e9m de manobras, eventos e composi\u00e7\u00e3o do acervo do Museu Ferrovi\u00e1rio, que est\u00e1 em fase de implanta\u00e7\u00e3o.<\/p>\n\n\n\n<p>A locomotiva LEW 7770, a diesel, saiu do P\u00e1tio da Lapa em comboio com carros ferrovi\u00e1rios que ser\u00e3o utilizados no &#8220;Trem de Natal&#8221;. De acordo com of\u00edcio da IMF, a locomotiva \u00e9 de grande import\u00e2ncia por n\u00e3o ser movida \u00e0 energia el\u00e9trica e porque poder\u00e1 ser utilizada como unidade motriz para a composi\u00e7\u00e3o de tr\u00eas trens da s\u00e9rie 1100 que foram doados pela pr\u00f3pria CPTM.<\/p>\n\n\n\n<p>Quando n\u00e3o estiver em uso, a locomotiva ficar\u00e1 guardada na Esta\u00e7\u00e3o Ferrovi\u00e1ria de Rio Claro, pr\u00e9dio tombado pelo Patrim\u00f4nio Hist\u00f3rico e que sediar\u00e1 o futuro museu.<\/p>\n\n\n\n<p>&#8220;O objetivo \u00e9 divulgar, estudar e preservar este bem como um dos mais importantes patrim\u00f4nios ferrovi\u00e1rios, atrav\u00e9s de a\u00e7\u00f5es educativos, pesquisas, visitas monitoradas, exposi\u00e7\u00f5es, eventos e outras atividades desenvolvidas pelo IMF junto \u00e0 comunidade do munic\u00edpio, que tem uma identidade significativa com a hist\u00f3ria da ferrovia&#8221;, informou o instituto.<\/p>\n\n\n\n<p>A locomotiva, considerada um item inserv\u00edvel da CPTM, est\u00e1 imobilizada desde 2019, devido a avarias no motor e, para a utiliza\u00e7\u00e3o no projeto, ser\u00e1 restaurada pelo IMF.<\/p>\n\n\n\n<p>Fonte: CPTM \/ Foto Ilustrativa: Reprodu\u00e7\u00e3o<\/p>\n","protected":false},"excerpt":{"rendered":"<p>A CPTM realizou uma doa\u00e7\u00e3o para o Instituto Mem\u00f3ria Ferrovi\u00e1ria de Rio Claro, no interior de S\u00e3o Paulo: uma locomotiva que dever\u00e1 ser utilizada no futuro Trem Tur\u00edstico do munic\u00edpio, al\u00e9m de manobras, eventos e composi\u00e7\u00e3o do acervo do Museu Ferrovi\u00e1rio, que est\u00e1 em fase de implanta\u00e7\u00e3o. A locomotiva LEW 7770, a diesel, saiu do &hellip; <\/p>\n","protected":false},"author":2,"featured_media":23608,"comment_status":"closed","ping_status":"closed","sticky":false,"template":"","format":"standard","meta":{"footnotes":""},"categories":[4],"tags":[],"class_list":["post-35063","post","type-post","status-publish","format-standard","has-post-thumbnail","hentry","category-noticias"],"_links":{"self":[{"href":"https:\/\/radioimprensa.com.br\/index.php\/wp-json\/wp\/v2\/posts\/35063","targetHints":{"allow":["GET"]}}],"collection":[{"href":"https:\/\/radioimprensa.com.br\/index.php\/wp-json\/wp\/v2\/posts"}],"about":[{"href":"https:\/\/radioimprensa.com.br\/index.php\/wp-json\/wp\/v2\/types\/post"}],"author":[{"embeddable":true,"href":"https:\/\/radioimprensa.com.br\/index.php\/wp-json\/wp\/v2\/users\/2"}],"replies":[{"embeddable":true,"href":"https:\/\/radioimprensa.com.br\/index.php\/wp-json\/wp\/v2\/comments?post=35063"}],"version-history":[{"count":0,"href":"https:\/\/radioimprensa.com.br\/index.php\/wp-json\/wp\/v2\/posts\/35063\/revisions"}],"wp:featuredmedia":[{"embeddable":true,"href":"https:\/\/radioimprensa.com.br\/index.php\/wp-json\/wp\/v2\/media\/23608"}],"wp:attachment":[{"href":"https:\/\/radioimprensa.com.br\/index.php\/wp-json\/wp\/v2\/media?parent=35063"}],"wp:term":[{"taxonomy":"category","embeddable":true,"href":"https:\/\/radioimprensa.com.br\/index.php\/wp-json\/wp\/v2\/categories?post=35063"},{"taxonomy":"post_tag","embeddable":true,"href":"https:\/\/radioimprensa.com.br\/index.php\/wp-json\/wp\/v2\/tags?post=35063"}],"curies":[{"name":"wp","href":"https:\/\/api.w.org\/{rel}","templated":true}]}}