{"id":35116,"date":"2023-12-20T11:00:18","date_gmt":"2023-12-20T14:00:18","guid":{"rendered":"https:\/\/radioimprensa.com.br\/?p=35116"},"modified":"2023-12-20T11:00:19","modified_gmt":"2023-12-20T14:00:19","slug":"escolas-estaduais-de-sp-darao-merenda-aos-alunos-no-recesso-de-janeiro","status":"publish","type":"post","link":"https:\/\/radioimprensa.com.br\/index.php\/2023\/12\/20\/escolas-estaduais-de-sp-darao-merenda-aos-alunos-no-recesso-de-janeiro\/","title":{"rendered":"Escolas estaduais de SP dar\u00e3o merenda aos alunos no recesso de janeiro"},"content":{"rendered":"\n<p>Alunos da rede estadual\u00a0de S\u00e3o Paulo ter\u00e3o direito a\u00a0merendas escolares durante as f\u00e9rias\u00a0de janeiro. Segundo a Secretaria da Educa\u00e7\u00e3o do Estado de S\u00e3o Paulo (Seduc-SP), cerca de\u00a03.422 escolas\u00a0ficar\u00e3o abertas, a partir do pr\u00f3ximo dia 2, para oferecer almo\u00e7o aos estudantes.<br><br>A alimenta\u00e7\u00e3o ser\u00e1 servida na\u00a0escola de origem\u00a0de cada jovem ou crian\u00e7a. Para que as refei\u00e7\u00f5es sejam preparadas, os pais e respons\u00e1veis precisam responder uma\u00a0pesquisa de interesse at\u00e9 a pr\u00f3xima sexta-feira\u00a0(22). Eles podem assinar o requerimento por meio da Secretaria Escolar Digital (SED) ou ir diretamente nas unidades de ensino.<\/p>\n\n\n\n<p>Durante o per\u00edodo das aulas, quase\u00a0dois milh\u00f5es de alunos\u00a0se alimentam diariamente com as merendas escolares, conforme a Seduc-SP. Para janeiro, a pasta afirma ter estrutura suficiente para atender toda essa demanda, mas, alega que ser\u00e1 necess\u00e1rio que os respons\u00e1veis manifestem interesse com anteced\u00eancia, com o objetivo\u00a0de evitar desperd\u00edcio de alimentos.<br><br>\u201cNossas equipes escolares, incluindo cozinheiras, cozinheiros e equipe gestora, est\u00e3o prontas e orientadas sobre o almo\u00e7o nas f\u00e9rias. Esperamos a manifesta\u00e7\u00e3o dos pais e familiares para que possamos preparar a alimenta\u00e7\u00e3o escolar em janeiro, de acordo com a demanda, para evitar desperd\u00edcio e manter o acesso \u00e0 alimenta\u00e7\u00e3o mesmo fora do per\u00edodo de aulas\u201d, informa em nota\u00a0Nayla Ver\u00edssimo, diretora t\u00e9cnica do Departamento de Alimenta\u00e7\u00e3o Escolar da Educa\u00e7\u00e3o de S\u00e3o Paulo.<\/p>\n\n\n\n<p>Fonte: TV Cultura (com UOL) \/ Foto: Arquivo Ag\u00eancia Brasil<\/p>\n","protected":false},"excerpt":{"rendered":"<p>Alunos da rede estadual\u00a0de S\u00e3o Paulo ter\u00e3o direito a\u00a0merendas escolares durante as f\u00e9rias\u00a0de janeiro. Segundo a Secretaria da Educa\u00e7\u00e3o do Estado de S\u00e3o Paulo (Seduc-SP), cerca de\u00a03.422 escolas\u00a0ficar\u00e3o abertas, a partir do pr\u00f3ximo dia 2, para oferecer almo\u00e7o aos estudantes. A alimenta\u00e7\u00e3o ser\u00e1 servida na\u00a0escola de origem\u00a0de cada jovem ou crian\u00e7a. Para que as refei\u00e7\u00f5es &hellip; <\/p>\n","protected":false},"author":1,"featured_media":24746,"comment_status":"open","ping_status":"open","sticky":false,"template":"","format":"standard","meta":{"footnotes":""},"categories":[4],"tags":[],"class_list":["post-35116","post","type-post","status-publish","format-standard","has-post-thumbnail","hentry","category-noticias"],"_links":{"self":[{"href":"https:\/\/radioimprensa.com.br\/index.php\/wp-json\/wp\/v2\/posts\/35116","targetHints":{"allow":["GET"]}}],"collection":[{"href":"https:\/\/radioimprensa.com.br\/index.php\/wp-json\/wp\/v2\/posts"}],"about":[{"href":"https:\/\/radioimprensa.com.br\/index.php\/wp-json\/wp\/v2\/types\/post"}],"author":[{"embeddable":true,"href":"https:\/\/radioimprensa.com.br\/index.php\/wp-json\/wp\/v2\/users\/1"}],"replies":[{"embeddable":true,"href":"https:\/\/radioimprensa.com.br\/index.php\/wp-json\/wp\/v2\/comments?post=35116"}],"version-history":[{"count":1,"href":"https:\/\/radioimprensa.com.br\/index.php\/wp-json\/wp\/v2\/posts\/35116\/revisions"}],"predecessor-version":[{"id":35117,"href":"https:\/\/radioimprensa.com.br\/index.php\/wp-json\/wp\/v2\/posts\/35116\/revisions\/35117"}],"wp:featuredmedia":[{"embeddable":true,"href":"https:\/\/radioimprensa.com.br\/index.php\/wp-json\/wp\/v2\/media\/24746"}],"wp:attachment":[{"href":"https:\/\/radioimprensa.com.br\/index.php\/wp-json\/wp\/v2\/media?parent=35116"}],"wp:term":[{"taxonomy":"category","embeddable":true,"href":"https:\/\/radioimprensa.com.br\/index.php\/wp-json\/wp\/v2\/categories?post=35116"},{"taxonomy":"post_tag","embeddable":true,"href":"https:\/\/radioimprensa.com.br\/index.php\/wp-json\/wp\/v2\/tags?post=35116"}],"curies":[{"name":"wp","href":"https:\/\/api.w.org\/{rel}","templated":true}]}}