{"id":35118,"date":"2023-12-20T11:04:07","date_gmt":"2023-12-20T14:04:07","guid":{"rendered":"https:\/\/radioimprensa.com.br\/?p=35118"},"modified":"2023-12-20T11:04:08","modified_gmt":"2023-12-20T14:04:08","slug":"guarulhos-inaugura-seu-31o-ecoponto","status":"publish","type":"post","link":"https:\/\/radioimprensa.com.br\/index.php\/2023\/12\/20\/guarulhos-inaugura-seu-31o-ecoponto\/","title":{"rendered":"Guarulhos inaugura seu 31\u00ba Ecoponto"},"content":{"rendered":"\n<p>O prefeito Guti entregou oficialmente nesta segunda-feira (18) o 31\u00ba Ecoponto de Guarulhos, localizado na esquina das ruas Maria Jos\u00e9 Lombardi e Gentil da Silva Leite Filho, 15, no Jardim \u00c1lamo. O equipamento \u00e9 mais um local para o mun\u00edcipe descartar de forma gratuita e ambientalmente correta entulho, m\u00f3veis velhos, restos de poda, pneus, \u00f3leo de cozinha, eletrodom\u00e9sticos, eletroeletr\u00f4nicos, gesso, madeira, entre outros.<\/p>\n\n\n\n<p>\u201cSaltamos de 19 em 2016 para 31 Ecopontos como parte do esfor\u00e7o para oferecer locais adequados e de f\u00e1cil acesso aos mun\u00edcipes para que descartem inserv\u00edveis e recicl\u00e1veis de forma ambientalmente correta e sem sujar a cidade. Ganhamos recentemente o pr\u00eamio de Cidade Lixo Zero concorrendo com cidades de todo o pa\u00eds, o que mostra que estamos no caminho certo para alcan\u00e7armos uma maior sustentabilidade e ajudar a preservar a natureza\u201d, comentou Guti.<\/p>\n\n\n\n<p>O secret\u00e1rio de Servi\u00e7os P\u00fablicos, Rodnei Minelli, tamb\u00e9m comentou a amplia\u00e7\u00e3o da rede Ecoponto. \u201cO f\u00e1cil acesso a esse tipo de equipamento \u00e9 fundamental para a cidade, pois evita que a sujeira se espalhe por ruas e terrenos. Nossa meta \u00e9 chegar ao final de 2024 com 40 Ecopontos na cidade\u201d, destacou.<\/p>\n\n\n\n<p>O Ecoponto funciona de segunda a sexta-feira, das 8h15 \u00e0s 16h, e aos s\u00e1bados das 8h15 \u00e0s 15h30. Vale ressaltar que os Ecopontos n\u00e3o recebem animais mortos, res\u00edduos org\u00e2nicos dom\u00e9sticos, de servi\u00e7os de sa\u00fade e de origem industrial. Mais informa\u00e7\u00f5es podem ser obtidas em\u00a0www.guarulhos.sp.gov.br\/ecoponto.<\/p>\n\n\n\n<p>Fonte: Guarulhos Web \/ Foto: Reprodu\u00e7\u00e3o via Guarulhos Web<\/p>\n","protected":false},"excerpt":{"rendered":"<p>O prefeito Guti entregou oficialmente nesta segunda-feira (18) o 31\u00ba Ecoponto de Guarulhos, localizado na esquina das ruas Maria Jos\u00e9 Lombardi e Gentil da Silva Leite Filho, 15, no Jardim \u00c1lamo. O equipamento \u00e9 mais um local para o mun\u00edcipe descartar de forma gratuita e ambientalmente correta entulho, m\u00f3veis velhos, restos de poda, pneus, \u00f3leo &hellip; <\/p>\n","protected":false},"author":1,"featured_media":35119,"comment_status":"open","ping_status":"open","sticky":false,"template":"","format":"standard","meta":{"footnotes":""},"categories":[4],"tags":[],"class_list":["post-35118","post","type-post","status-publish","format-standard","has-post-thumbnail","hentry","category-noticias"],"_links":{"self":[{"href":"https:\/\/radioimprensa.com.br\/index.php\/wp-json\/wp\/v2\/posts\/35118","targetHints":{"allow":["GET"]}}],"collection":[{"href":"https:\/\/radioimprensa.com.br\/index.php\/wp-json\/wp\/v2\/posts"}],"about":[{"href":"https:\/\/radioimprensa.com.br\/index.php\/wp-json\/wp\/v2\/types\/post"}],"author":[{"embeddable":true,"href":"https:\/\/radioimprensa.com.br\/index.php\/wp-json\/wp\/v2\/users\/1"}],"replies":[{"embeddable":true,"href":"https:\/\/radioimprensa.com.br\/index.php\/wp-json\/wp\/v2\/comments?post=35118"}],"version-history":[{"count":1,"href":"https:\/\/radioimprensa.com.br\/index.php\/wp-json\/wp\/v2\/posts\/35118\/revisions"}],"predecessor-version":[{"id":35120,"href":"https:\/\/radioimprensa.com.br\/index.php\/wp-json\/wp\/v2\/posts\/35118\/revisions\/35120"}],"wp:featuredmedia":[{"embeddable":true,"href":"https:\/\/radioimprensa.com.br\/index.php\/wp-json\/wp\/v2\/media\/35119"}],"wp:attachment":[{"href":"https:\/\/radioimprensa.com.br\/index.php\/wp-json\/wp\/v2\/media?parent=35118"}],"wp:term":[{"taxonomy":"category","embeddable":true,"href":"https:\/\/radioimprensa.com.br\/index.php\/wp-json\/wp\/v2\/categories?post=35118"},{"taxonomy":"post_tag","embeddable":true,"href":"https:\/\/radioimprensa.com.br\/index.php\/wp-json\/wp\/v2\/tags?post=35118"}],"curies":[{"name":"wp","href":"https:\/\/api.w.org\/{rel}","templated":true}]}}