{"id":35123,"date":"2023-12-23T08:07:12","date_gmt":"2023-12-23T11:07:12","guid":{"rendered":"https:\/\/radioimprensa.com.br\/?p=35123"},"modified":"2023-12-23T08:07:13","modified_gmt":"2023-12-23T11:07:13","slug":"city-atropela-flu-e-fatura-mundial-de-clubes","status":"publish","type":"post","link":"https:\/\/radioimprensa.com.br\/index.php\/2023\/12\/23\/city-atropela-flu-e-fatura-mundial-de-clubes\/","title":{"rendered":"City atropela Flu e fatura Mundial de Clubes"},"content":{"rendered":"\n<p>O Manchester City conquistou o t\u00edtulo in\u00e9dito no Mundial de Clubes da Fifa ao aplicar 4 a 0 no Fluminense, no Est\u00e1dio King Abdullah, em Jeddah (Ar\u00e1bia Saudita). O placar foi aberto com gol rel\u00e2mpago aos 40 segundos &#8211; o mais r\u00e1pido da hist\u00f3ria da competi\u00e7\u00e3o &#8211;\u00a0marcado pelo argentino Juli\u00e1n \u00c1lvarez, que tamb\u00e9m selou a goleada. O segundo gol foi contra, do zagueiro Nino e Folden fez o terceiro.\u00a0<img decoding=\"async\" src=\"https:\/\/agenciabrasil.ebc.com.br\/ebc.png?id=1574229&amp;o=node\"><img decoding=\"async\" src=\"https:\/\/agenciabrasil.ebc.com.br\/ebc.gif?id=1574229&amp;o=node\"><\/p>\n\n\n\n<p>O t\u00edtulo conquistado hoje foi o quarto na carreira do t\u00e9cnico Pep Guardiola, que se tornou o treinador com maior n\u00famero de ta\u00e7as do\u00a0Mundial. Ele j\u00e1 faturara o trof\u00e9u\u00a0duas vezes pelo Barcelona (2009 e 2011) e tamb\u00e9m quando comandava o Bayer de Munique (2013).\u00a0A vit\u00f3ria na final do Mundial\u00a0sela a campanha vitoriosa de Guadiola na \u00faltima temporada (2002\/23), quando conquistou a Tr\u00edplice Coroa: Liga dos Campe\u00f5es, Premier League (Campeonato Ingl\u00eas)\u00a0e a Copa da Inglaterra.<\/p>\n\n\n\n<p>Fonte: Ag\u00eancia Brasil \/ Foto: Reprodu\u00e7\u00e3o<\/p>\n","protected":false},"excerpt":{"rendered":"<p>O Manchester City conquistou o t\u00edtulo in\u00e9dito no Mundial de Clubes da Fifa ao aplicar 4 a 0 no Fluminense, no Est\u00e1dio King Abdullah, em Jeddah (Ar\u00e1bia Saudita). O placar foi aberto com gol rel\u00e2mpago aos 40 segundos &#8211; o mais r\u00e1pido da hist\u00f3ria da competi\u00e7\u00e3o &#8211;\u00a0marcado pelo argentino Juli\u00e1n \u00c1lvarez, que tamb\u00e9m selou a &hellip; <\/p>\n","protected":false},"author":1,"featured_media":35124,"comment_status":"open","ping_status":"open","sticky":false,"template":"","format":"standard","meta":{"footnotes":""},"categories":[4],"tags":[],"class_list":["post-35123","post","type-post","status-publish","format-standard","has-post-thumbnail","hentry","category-noticias"],"_links":{"self":[{"href":"https:\/\/radioimprensa.com.br\/index.php\/wp-json\/wp\/v2\/posts\/35123","targetHints":{"allow":["GET"]}}],"collection":[{"href":"https:\/\/radioimprensa.com.br\/index.php\/wp-json\/wp\/v2\/posts"}],"about":[{"href":"https:\/\/radioimprensa.com.br\/index.php\/wp-json\/wp\/v2\/types\/post"}],"author":[{"embeddable":true,"href":"https:\/\/radioimprensa.com.br\/index.php\/wp-json\/wp\/v2\/users\/1"}],"replies":[{"embeddable":true,"href":"https:\/\/radioimprensa.com.br\/index.php\/wp-json\/wp\/v2\/comments?post=35123"}],"version-history":[{"count":1,"href":"https:\/\/radioimprensa.com.br\/index.php\/wp-json\/wp\/v2\/posts\/35123\/revisions"}],"predecessor-version":[{"id":35125,"href":"https:\/\/radioimprensa.com.br\/index.php\/wp-json\/wp\/v2\/posts\/35123\/revisions\/35125"}],"wp:featuredmedia":[{"embeddable":true,"href":"https:\/\/radioimprensa.com.br\/index.php\/wp-json\/wp\/v2\/media\/35124"}],"wp:attachment":[{"href":"https:\/\/radioimprensa.com.br\/index.php\/wp-json\/wp\/v2\/media?parent=35123"}],"wp:term":[{"taxonomy":"category","embeddable":true,"href":"https:\/\/radioimprensa.com.br\/index.php\/wp-json\/wp\/v2\/categories?post=35123"},{"taxonomy":"post_tag","embeddable":true,"href":"https:\/\/radioimprensa.com.br\/index.php\/wp-json\/wp\/v2\/tags?post=35123"}],"curies":[{"name":"wp","href":"https:\/\/api.w.org\/{rel}","templated":true}]}}