{"id":35126,"date":"2023-12-23T08:12:25","date_gmt":"2023-12-23T11:12:25","guid":{"rendered":"https:\/\/radioimprensa.com.br\/?p=35126"},"modified":"2023-12-23T08:12:26","modified_gmt":"2023-12-23T11:12:26","slug":"prefeitura-suspendera-rodizio-de-veiculos-a-partir-do-dia-26","status":"publish","type":"post","link":"https:\/\/radioimprensa.com.br\/index.php\/2023\/12\/23\/prefeitura-suspendera-rodizio-de-veiculos-a-partir-do-dia-26\/","title":{"rendered":"Prefeitura suspender\u00e1 Rod\u00edzio de Ve\u00edculos a partir do dia 26"},"content":{"rendered":"\n<p>A Prefeitura de S\u00e3o Paulo, por meio da Secretaria Municipal de Mobilidade e Tr\u00e2nsito, informa que o Rod\u00edzio Municipal de Ve\u00edculos estar\u00e1 suspenso para os ve\u00edculos de passeio (autom\u00f3veis) a partir de ter\u00e7a-feira, dia 26 de dezembro de 2023. V\u00e3o continuar valendo normalmente o rod\u00edzio de placas para ve\u00edculos pesados (caminh\u00f5es) e as demais restri\u00e7\u00f5es: Zona de M\u00e1xima Restri\u00e7\u00e3o \u00e0 Circula\u00e7\u00e3o de Caminh\u00f5es (ZMRC) e a Zona de M\u00e1xima Restri\u00e7\u00e3o ao Fretamento (ZMRF).<\/p>\n\n\n\n<p>O rod\u00edzio municipal para ve\u00edculos fica suspenso at\u00e9 5 de janeiro de 2024 (uma sexta-feira), voltando a vigorar a partir da segunda-feira, 8 de janeiro. Vale lembrar que a Opera\u00e7\u00e3o Hor\u00e1rio de Pico (rod\u00edzio municipal de ve\u00edculos) restringe a circula\u00e7\u00e3o de ve\u00edculos no Anel Vi\u00e1rio da Cidade nos per\u00edodos da manh\u00e3, das 7h \u00e0s 10h, e da tarde, das 17h \u00e0s 20h.<\/p>\n\n\n\n<p>Durante o rod\u00edzio os ve\u00edculos ficam impedidos de circular no Centro Expandido, incluindo as vias que delimitam o chamado Minianel Vi\u00e1rio, formado pelas marginais Tiet\u00ea e Pinheiros, avenidas dos Bandeirantes e Afonso D\u00b4Escragnole Taunay, Complexo Vi\u00e1rio Maria Maluf, avenidas Tancredo Neves e Juntas Provis\u00f3rias, Viaduto Grande S\u00e3o Paulo e avenidas Professor Lu\u00eds In\u00e1cio de Anhaia Melo e Salim Farah Maluf.<\/p>\n\n\n\n<p>Transitar em locais e hor\u00e1rios n\u00e3o permitidos pela regulamenta\u00e7\u00e3o prevista no C\u00f3digo de Tr\u00e2nsito Brasileiro implica infra\u00e7\u00e3o de tr\u00e2nsito de n\u00edvel m\u00e9dio, resultando em multa no valor de R$ 130,16 e acr\u00e9scimo de 4 (quatro) pontos no prontu\u00e1rio do motorista.<\/p>\n\n\n\n<p>Fonte: Prefeitura de SP \/ Foto: Arquivo Ag\u00eancia Brasil<\/p>\n","protected":false},"excerpt":{"rendered":"<p>A Prefeitura de S\u00e3o Paulo, por meio da Secretaria Municipal de Mobilidade e Tr\u00e2nsito, informa que o Rod\u00edzio Municipal de Ve\u00edculos estar\u00e1 suspenso para os ve\u00edculos de passeio (autom\u00f3veis) a partir de ter\u00e7a-feira, dia 26 de dezembro de 2023. V\u00e3o continuar valendo normalmente o rod\u00edzio de placas para ve\u00edculos pesados (caminh\u00f5es) e as demais restri\u00e7\u00f5es: &hellip; <\/p>\n","protected":false},"author":1,"featured_media":25122,"comment_status":"open","ping_status":"open","sticky":false,"template":"","format":"standard","meta":{"footnotes":""},"categories":[4],"tags":[],"class_list":["post-35126","post","type-post","status-publish","format-standard","has-post-thumbnail","hentry","category-noticias"],"_links":{"self":[{"href":"https:\/\/radioimprensa.com.br\/index.php\/wp-json\/wp\/v2\/posts\/35126","targetHints":{"allow":["GET"]}}],"collection":[{"href":"https:\/\/radioimprensa.com.br\/index.php\/wp-json\/wp\/v2\/posts"}],"about":[{"href":"https:\/\/radioimprensa.com.br\/index.php\/wp-json\/wp\/v2\/types\/post"}],"author":[{"embeddable":true,"href":"https:\/\/radioimprensa.com.br\/index.php\/wp-json\/wp\/v2\/users\/1"}],"replies":[{"embeddable":true,"href":"https:\/\/radioimprensa.com.br\/index.php\/wp-json\/wp\/v2\/comments?post=35126"}],"version-history":[{"count":1,"href":"https:\/\/radioimprensa.com.br\/index.php\/wp-json\/wp\/v2\/posts\/35126\/revisions"}],"predecessor-version":[{"id":35127,"href":"https:\/\/radioimprensa.com.br\/index.php\/wp-json\/wp\/v2\/posts\/35126\/revisions\/35127"}],"wp:featuredmedia":[{"embeddable":true,"href":"https:\/\/radioimprensa.com.br\/index.php\/wp-json\/wp\/v2\/media\/25122"}],"wp:attachment":[{"href":"https:\/\/radioimprensa.com.br\/index.php\/wp-json\/wp\/v2\/media?parent=35126"}],"wp:term":[{"taxonomy":"category","embeddable":true,"href":"https:\/\/radioimprensa.com.br\/index.php\/wp-json\/wp\/v2\/categories?post=35126"},{"taxonomy":"post_tag","embeddable":true,"href":"https:\/\/radioimprensa.com.br\/index.php\/wp-json\/wp\/v2\/tags?post=35126"}],"curies":[{"name":"wp","href":"https:\/\/api.w.org\/{rel}","templated":true}]}}