{"id":35133,"date":"2023-12-26T11:20:23","date_gmt":"2023-12-26T14:20:23","guid":{"rendered":"https:\/\/radioimprensa.com.br\/?p=35133"},"modified":"2023-12-26T11:20:24","modified_gmt":"2023-12-26T14:20:24","slug":"prefeito-do-interior-de-sp-sofre-atentado-a-tiros","status":"publish","type":"post","link":"https:\/\/radioimprensa.com.br\/index.php\/2023\/12\/26\/prefeito-do-interior-de-sp-sofre-atentado-a-tiros\/","title":{"rendered":"Prefeito do interior de SP sofre atentado a tiros"},"content":{"rendered":"\n<p>Lucas Assum\u00e7\u00e3o (PV), prefeito de Palmares Paulista, no interior de S\u00e3o Paulo, sofreu atentado a tiros na manh\u00e3 do s\u00e1bado, 23, ao sair de sua casa, por volta das 9 horas. Dois homens estavam em um carro e um deles apontou rev\u00f3lver em sua dire\u00e7\u00e3o. Ao perceber, o prefeito correu para casa e um dos bandidos atirou duas vezes.<\/p>\n\n\n\n<p>Por sorte, Assum\u00e7\u00e3o caiu e os tiros n\u00e3o o atingiram.<\/p>\n\n\n\n<p>A Pol\u00edcia Civil de Catanduva apura o caso e tem imagens de c\u00e2meras de seguran\u00e7a que j\u00e1 identificaram os dois homens.<\/p>\n\n\n\n<p>O prefeito disse ainda que est\u00e1 com &#8220;psicol\u00f3gico abalado&#8221; depois do atentado.<\/p>\n\n\n\n<p>Uma das linhas de investiga\u00e7\u00e3o \u00e9 saber se o atentado foi por motiva\u00e7\u00f5es pol\u00edticas. Assum\u00e7\u00e3o, que tem 38 anos, est\u00e1 no primeiro mandato \u00e0 frente da prefeitura local. Eleito em 2020, ele pode ser candidato mais uma vez em 2024.<\/p>\n\n\n\n<p>Palmares Paulista est\u00e1 na regi\u00e3o de Catanduva, a 412 km da capital paulista, e tem 9.650 habitantes, de acordo com \u00faltimo censo do Instituto Brasileiro de Geografia e Estat\u00edstica (IBGE).<\/p>\n\n\n\n<p>Fonte: Uol (com Estad\u00e3o) \/ Foto: Reprodu\u00e7\u00e3o via Instagram<\/p>\n","protected":false},"excerpt":{"rendered":"<p>Lucas Assum\u00e7\u00e3o (PV), prefeito de Palmares Paulista, no interior de S\u00e3o Paulo, sofreu atentado a tiros na manh\u00e3 do s\u00e1bado, 23, ao sair de sua casa, por volta das 9 horas. Dois homens estavam em um carro e um deles apontou rev\u00f3lver em sua dire\u00e7\u00e3o. Ao perceber, o prefeito correu para casa e um dos &hellip; <\/p>\n","protected":false},"author":1,"featured_media":35134,"comment_status":"open","ping_status":"open","sticky":false,"template":"","format":"standard","meta":{"footnotes":""},"categories":[4],"tags":[],"class_list":["post-35133","post","type-post","status-publish","format-standard","has-post-thumbnail","hentry","category-noticias"],"_links":{"self":[{"href":"https:\/\/radioimprensa.com.br\/index.php\/wp-json\/wp\/v2\/posts\/35133","targetHints":{"allow":["GET"]}}],"collection":[{"href":"https:\/\/radioimprensa.com.br\/index.php\/wp-json\/wp\/v2\/posts"}],"about":[{"href":"https:\/\/radioimprensa.com.br\/index.php\/wp-json\/wp\/v2\/types\/post"}],"author":[{"embeddable":true,"href":"https:\/\/radioimprensa.com.br\/index.php\/wp-json\/wp\/v2\/users\/1"}],"replies":[{"embeddable":true,"href":"https:\/\/radioimprensa.com.br\/index.php\/wp-json\/wp\/v2\/comments?post=35133"}],"version-history":[{"count":1,"href":"https:\/\/radioimprensa.com.br\/index.php\/wp-json\/wp\/v2\/posts\/35133\/revisions"}],"predecessor-version":[{"id":35135,"href":"https:\/\/radioimprensa.com.br\/index.php\/wp-json\/wp\/v2\/posts\/35133\/revisions\/35135"}],"wp:featuredmedia":[{"embeddable":true,"href":"https:\/\/radioimprensa.com.br\/index.php\/wp-json\/wp\/v2\/media\/35134"}],"wp:attachment":[{"href":"https:\/\/radioimprensa.com.br\/index.php\/wp-json\/wp\/v2\/media?parent=35133"}],"wp:term":[{"taxonomy":"category","embeddable":true,"href":"https:\/\/radioimprensa.com.br\/index.php\/wp-json\/wp\/v2\/categories?post=35133"},{"taxonomy":"post_tag","embeddable":true,"href":"https:\/\/radioimprensa.com.br\/index.php\/wp-json\/wp\/v2\/tags?post=35133"}],"curies":[{"name":"wp","href":"https:\/\/api.w.org\/{rel}","templated":true}]}}