{"id":35143,"date":"2023-12-30T10:56:00","date_gmt":"2023-12-30T13:56:00","guid":{"rendered":"https:\/\/radioimprensa.com.br\/?p=35143"},"modified":"2023-12-30T10:56:01","modified_gmt":"2023-12-30T13:56:01","slug":"astrazeneca-compra-empresa-chinesa-que-fabrica-remedio-contra-o-cancer","status":"publish","type":"post","link":"https:\/\/radioimprensa.com.br\/index.php\/2023\/12\/30\/astrazeneca-compra-empresa-chinesa-que-fabrica-remedio-contra-o-cancer\/","title":{"rendered":"AstraZeneca compra empresa chinesa que fabrica rem\u00e9dio contra o c\u00e2ncer"},"content":{"rendered":"\n<p>A AstraZeneca, que tem sua unidade da Am\u00e9rica Latina em Cotia desde 1999, fez uma acordo para a aquisi\u00e7\u00e3o da desenvolvedora chinesa de terapia celular Gracell Biotechnologies Inc. por at\u00e9 US$ 1,2 bilh\u00e3o (R$ 5,82 bilh\u00f5es), enquanto a gigante farmac\u00eautica brit\u00e2nica refor\u00e7a suas apostas na inova\u00e7\u00e3o m\u00e9dica na segunda maior economia do mundo.<\/p>\n\n\n\n<p>Pelo acordo, a AstraZeneca adquirir\u00e1 a Gracell, com sede em Xangai, por US$ 2 para cada a\u00e7\u00e3o, totalizando um pagamento inicial em dinheiro de US$ 1 bilh\u00e3o (R$ 4,85 bilh\u00f5es). Uma compra adicional de a\u00e7\u00f5es, dependente do cumprimento de certos marcos regulat\u00f3rios, acabaria por elevar o valor do neg\u00f3cio para os US$ 1,2 bilh\u00e3o, disseram as empresas em comunicado nesta ter\u00e7a-feira (26).<\/p>\n\n\n\n<p>A aquisi\u00e7\u00e3o enriquecer\u00e1 o pipeline da AstraZeneca com a chamada terapia CAR-T, que modifica as c\u00e9lulas imunol\u00f3gicas do pr\u00f3prio paciente para combater o c\u00e2ncer. Uma das terapias em que a Gracell tem trabalhado, seria um potencial tratamento para c\u00e2nceres do sangue, como mieloma m\u00faltiplo e doen\u00e7as autoimunes como o l\u00fapus, de acordo com o comunicado.<\/p>\n\n\n\n<p>O acordo ocorre depois que a Astra fechou neg\u00f3cio, em novembro, com a empresa de biotecnologia chinesa Eccogene Inc. para co-desenvolver uma p\u00edlula para perda de peso, uma das classes mais populares de medicamentos, enquanto busca competir com a Novo Nordisk A\/S e a Eli Lilly &amp; Co., duas empresas que lideraram a corrida do ouro da ind\u00fastria por medicamentos para obesidade.<\/p>\n\n\n\n<p>Fonte: Jornal Cotia Agora (com Bloomberg, via Infomoney) \/ Foto: Reprodu\u00e7\u00e3o<\/p>\n","protected":false},"excerpt":{"rendered":"<p>A AstraZeneca, que tem sua unidade da Am\u00e9rica Latina em Cotia desde 1999, fez uma acordo para a aquisi\u00e7\u00e3o da desenvolvedora chinesa de terapia celular Gracell Biotechnologies Inc. por at\u00e9 US$ 1,2 bilh\u00e3o (R$ 5,82 bilh\u00f5es), enquanto a gigante farmac\u00eautica brit\u00e2nica refor\u00e7a suas apostas na inova\u00e7\u00e3o m\u00e9dica na segunda maior economia do mundo. Pelo acordo, &hellip; <\/p>\n","protected":false},"author":1,"featured_media":35144,"comment_status":"open","ping_status":"open","sticky":false,"template":"","format":"standard","meta":{"footnotes":""},"categories":[4],"tags":[],"class_list":["post-35143","post","type-post","status-publish","format-standard","has-post-thumbnail","hentry","category-noticias"],"_links":{"self":[{"href":"https:\/\/radioimprensa.com.br\/index.php\/wp-json\/wp\/v2\/posts\/35143","targetHints":{"allow":["GET"]}}],"collection":[{"href":"https:\/\/radioimprensa.com.br\/index.php\/wp-json\/wp\/v2\/posts"}],"about":[{"href":"https:\/\/radioimprensa.com.br\/index.php\/wp-json\/wp\/v2\/types\/post"}],"author":[{"embeddable":true,"href":"https:\/\/radioimprensa.com.br\/index.php\/wp-json\/wp\/v2\/users\/1"}],"replies":[{"embeddable":true,"href":"https:\/\/radioimprensa.com.br\/index.php\/wp-json\/wp\/v2\/comments?post=35143"}],"version-history":[{"count":1,"href":"https:\/\/radioimprensa.com.br\/index.php\/wp-json\/wp\/v2\/posts\/35143\/revisions"}],"predecessor-version":[{"id":35145,"href":"https:\/\/radioimprensa.com.br\/index.php\/wp-json\/wp\/v2\/posts\/35143\/revisions\/35145"}],"wp:featuredmedia":[{"embeddable":true,"href":"https:\/\/radioimprensa.com.br\/index.php\/wp-json\/wp\/v2\/media\/35144"}],"wp:attachment":[{"href":"https:\/\/radioimprensa.com.br\/index.php\/wp-json\/wp\/v2\/media?parent=35143"}],"wp:term":[{"taxonomy":"category","embeddable":true,"href":"https:\/\/radioimprensa.com.br\/index.php\/wp-json\/wp\/v2\/categories?post=35143"},{"taxonomy":"post_tag","embeddable":true,"href":"https:\/\/radioimprensa.com.br\/index.php\/wp-json\/wp\/v2\/tags?post=35143"}],"curies":[{"name":"wp","href":"https:\/\/api.w.org\/{rel}","templated":true}]}}