{"id":35146,"date":"2024-01-02T07:15:28","date_gmt":"2024-01-02T10:15:28","guid":{"rendered":"https:\/\/radioimprensa.com.br\/?p=35146"},"modified":"2024-01-04T10:43:53","modified_gmt":"2024-01-04T13:43:53","slug":"parte-de-predio-cai-e-mata-03-em-aracaju","status":"publish","type":"post","link":"https:\/\/radioimprensa.com.br\/index.php\/2024\/01\/02\/parte-de-predio-cai-e-mata-03-em-aracaju\/","title":{"rendered":"Parte de pr\u00e9dio cai e mata 05 em Aracaju"},"content":{"rendered":"\n<p>O Corpo de Bombeiros Militares de Sergipe prossegue as buscas por mais v\u00edtimas em escombros de pr\u00e9dio residencial que desabou matando 05 pessoas em Aracaju, no estado de Sergipe, nesse domingo (31). Os bombeiros est\u00e3o h\u00e1 mais 34 horas trabalhando nos escombros de parte de um edif\u00edcio, situado no bairro de Santo Ant\u00f4nio. \u00a0<img decoding=\"async\" src=\"https:\/\/agenciabrasil.ebc.com.br\/ebc.png?id=1574944&amp;o=node\"><img decoding=\"async\" src=\"https:\/\/agenciabrasil.ebc.com.br\/ebc.gif?id=1574944&amp;o=node\"><\/p>\n\n\n\n<p>Os trabalhos continuam porque o Corpo de Bombeiros acredita na possibilidade de mais pessoas estarem presas aos escombros. \u201cSegundo o levantamento que fizemos, existe a possibilidade de tr\u00eas pessoas estarem desaparecidas e seguimos em busca dessas v\u00edtimas\u201d, informou o coronel do Corpo de Bombeiros, F\u00e1bio Cardoso. &nbsp;<\/p>\n\n\n\n<p>A apura\u00e7\u00e3o preliminar dos militares aponta que parte do edif\u00edcio veio abaixo ap\u00f3s uma explos\u00e3o provocada por um vazamento em um botij\u00e3o de g\u00e1s. Al\u00e9m dos tr\u00eas \u00f3bitos confirmados, 14 pessoas ficaram feridas. &nbsp;<\/p>\n\n\n\n<p>Ainda segundo os bombeiros, o pr\u00e9dio estava irregular. \u201cEra uma unidade multifamiliar, que se assemelha a um condom\u00ednio, e deveria ter passado por uma aprova\u00e7\u00e3o e uma vistoria para receber o atestado de regularidade\u201d, destacou.<\/p>\n\n\n\n<p>Fonte: Ag\u00eancia Brasil \/ Foto: Ascom Emsurb, Divulga\u00e7\u00e3o<\/p>\n","protected":false},"excerpt":{"rendered":"<p>O Corpo de Bombeiros Militares de Sergipe prossegue as buscas por mais v\u00edtimas em escombros de pr\u00e9dio residencial que desabou matando 05 pessoas em Aracaju, no estado de Sergipe, nesse domingo (31). Os bombeiros est\u00e3o h\u00e1 mais 34 horas trabalhando nos escombros de parte de um edif\u00edcio, situado no bairro de Santo Ant\u00f4nio. \u00a0 Os &hellip; <\/p>\n","protected":false},"author":1,"featured_media":35147,"comment_status":"open","ping_status":"open","sticky":false,"template":"","format":"standard","meta":{"footnotes":""},"categories":[4],"tags":[],"class_list":["post-35146","post","type-post","status-publish","format-standard","has-post-thumbnail","hentry","category-noticias"],"_links":{"self":[{"href":"https:\/\/radioimprensa.com.br\/index.php\/wp-json\/wp\/v2\/posts\/35146","targetHints":{"allow":["GET"]}}],"collection":[{"href":"https:\/\/radioimprensa.com.br\/index.php\/wp-json\/wp\/v2\/posts"}],"about":[{"href":"https:\/\/radioimprensa.com.br\/index.php\/wp-json\/wp\/v2\/types\/post"}],"author":[{"embeddable":true,"href":"https:\/\/radioimprensa.com.br\/index.php\/wp-json\/wp\/v2\/users\/1"}],"replies":[{"embeddable":true,"href":"https:\/\/radioimprensa.com.br\/index.php\/wp-json\/wp\/v2\/comments?post=35146"}],"version-history":[{"count":2,"href":"https:\/\/radioimprensa.com.br\/index.php\/wp-json\/wp\/v2\/posts\/35146\/revisions"}],"predecessor-version":[{"id":35160,"href":"https:\/\/radioimprensa.com.br\/index.php\/wp-json\/wp\/v2\/posts\/35146\/revisions\/35160"}],"wp:featuredmedia":[{"embeddable":true,"href":"https:\/\/radioimprensa.com.br\/index.php\/wp-json\/wp\/v2\/media\/35147"}],"wp:attachment":[{"href":"https:\/\/radioimprensa.com.br\/index.php\/wp-json\/wp\/v2\/media?parent=35146"}],"wp:term":[{"taxonomy":"category","embeddable":true,"href":"https:\/\/radioimprensa.com.br\/index.php\/wp-json\/wp\/v2\/categories?post=35146"},{"taxonomy":"post_tag","embeddable":true,"href":"https:\/\/radioimprensa.com.br\/index.php\/wp-json\/wp\/v2\/tags?post=35146"}],"curies":[{"name":"wp","href":"https:\/\/api.w.org\/{rel}","templated":true}]}}