{"id":35154,"date":"2024-01-02T09:57:50","date_gmt":"2024-01-02T12:57:50","guid":{"rendered":"https:\/\/radioimprensa.com.br\/?p=35154"},"modified":"2024-01-02T09:57:51","modified_gmt":"2024-01-02T12:57:51","slug":"rapazes-nascidos-em-2006-ja-podem-fazer-o-alistamento-militar","status":"publish","type":"post","link":"https:\/\/radioimprensa.com.br\/index.php\/2024\/01\/02\/rapazes-nascidos-em-2006-ja-podem-fazer-o-alistamento-militar\/","title":{"rendered":"Rapazes, nascidos em 2006, j\u00e1 podem fazer o alistamento militar"},"content":{"rendered":"\n<p><a href=\"https:\/\/jornalcotiaagora.com.br\/jovens-de-cotia-e-regiao-nascidos-em-2006-devem-fazer-o-alistamento-militar\/\"><\/a><\/p>\n\n\n\n<p>As inscri\u00e7\u00f5es para o alistamento militar j\u00e1 come\u00e7aram neste novo ano de 2024 para aqueles que v\u00e3o completar 18 anos este ano, nascidos em 2006, por meio do site www.alistamento.eb.mil.br<\/p>\n\n\n\n<p>Uma vez cadastrado, o candidato deve acessar o portal do alistamento e seguir as orienta\u00e7\u00f5es fornecidas na p\u00e1gina.<\/p>\n\n\n\n<p>Para fazer o alistamento online \u00e9 preciso ter em m\u00e3os RG, CPF, comprovante de endere\u00e7o com CEP, endere\u00e7o de e-mail e telefone celular para contato. \u00c9 preciso antes de realizar o alistamento, criar um cadastro no site Brasil Cidad\u00e3o (https:\/\/scp.brasilcidadao.gov.br).<\/p>\n\n\n\n<p><strong>Como funciona?<\/strong><\/p>\n\n\n\n<p>O processo de sele\u00e7\u00e3o \u00e9 dividido por etapas, nas quais os jovens s\u00e3o acionados para testes e procedimentos estabelecidos pelas For\u00e7as Armadas. Ap\u00f3s o recrutamento, o jovem pode ser incorporado ou dispensado do servi\u00e7o militar. Os reprovados nessas fases recebem o CDI \u2013 Certificado de Dispensa de Incorpora\u00e7\u00e3o. Durante a cerim\u00f4nia de dispensa os jovens se comprometem com a p\u00e1tria a se apresentar futuramente caso seja necess\u00e1rio.<\/p>\n\n\n\n<p>Quem n\u00e3o se alistar estar\u00e1 em d\u00e9bito com o Servi\u00e7o Militar. Nesse sentido, o jovem fica impedido de prestar concurso p\u00fablico, tirar passaporte ou ser matriculado em universidade.<\/p>\n\n\n\n<p>Fonte: Jornal Cotia Agora \/ Foto: Reprodu\u00e7\u00e3o<\/p>\n","protected":false},"excerpt":{"rendered":"<p>As inscri\u00e7\u00f5es para o alistamento militar j\u00e1 come\u00e7aram neste novo ano de 2024 para aqueles que v\u00e3o completar 18 anos este ano, nascidos em 2006, por meio do site www.alistamento.eb.mil.br Uma vez cadastrado, o candidato deve acessar o portal do alistamento e seguir as orienta\u00e7\u00f5es fornecidas na p\u00e1gina. Para fazer o alistamento online \u00e9 preciso &hellip; <\/p>\n","protected":false},"author":1,"featured_media":18803,"comment_status":"open","ping_status":"open","sticky":false,"template":"","format":"standard","meta":{"footnotes":""},"categories":[4],"tags":[],"class_list":["post-35154","post","type-post","status-publish","format-standard","has-post-thumbnail","hentry","category-noticias"],"_links":{"self":[{"href":"https:\/\/radioimprensa.com.br\/index.php\/wp-json\/wp\/v2\/posts\/35154","targetHints":{"allow":["GET"]}}],"collection":[{"href":"https:\/\/radioimprensa.com.br\/index.php\/wp-json\/wp\/v2\/posts"}],"about":[{"href":"https:\/\/radioimprensa.com.br\/index.php\/wp-json\/wp\/v2\/types\/post"}],"author":[{"embeddable":true,"href":"https:\/\/radioimprensa.com.br\/index.php\/wp-json\/wp\/v2\/users\/1"}],"replies":[{"embeddable":true,"href":"https:\/\/radioimprensa.com.br\/index.php\/wp-json\/wp\/v2\/comments?post=35154"}],"version-history":[{"count":1,"href":"https:\/\/radioimprensa.com.br\/index.php\/wp-json\/wp\/v2\/posts\/35154\/revisions"}],"predecessor-version":[{"id":35155,"href":"https:\/\/radioimprensa.com.br\/index.php\/wp-json\/wp\/v2\/posts\/35154\/revisions\/35155"}],"wp:featuredmedia":[{"embeddable":true,"href":"https:\/\/radioimprensa.com.br\/index.php\/wp-json\/wp\/v2\/media\/18803"}],"wp:attachment":[{"href":"https:\/\/radioimprensa.com.br\/index.php\/wp-json\/wp\/v2\/media?parent=35154"}],"wp:term":[{"taxonomy":"category","embeddable":true,"href":"https:\/\/radioimprensa.com.br\/index.php\/wp-json\/wp\/v2\/categories?post=35154"},{"taxonomy":"post_tag","embeddable":true,"href":"https:\/\/radioimprensa.com.br\/index.php\/wp-json\/wp\/v2\/tags?post=35154"}],"curies":[{"name":"wp","href":"https:\/\/api.w.org\/{rel}","templated":true}]}}