{"id":35205,"date":"2024-01-10T11:29:04","date_gmt":"2024-01-10T14:29:04","guid":{"rendered":"https:\/\/radioimprensa.com.br\/?p=35205"},"modified":"2024-01-10T11:29:05","modified_gmt":"2024-01-10T14:29:05","slug":"homem-morre-eletrocutado-por-fio-em-temporal","status":"publish","type":"post","link":"https:\/\/radioimprensa.com.br\/index.php\/2024\/01\/10\/homem-morre-eletrocutado-por-fio-em-temporal\/","title":{"rendered":"Homem morre eletrocutado por fio em temporal"},"content":{"rendered":"\n<p>Uma pessoa morreu e outra ficou ferida ap\u00f3s a queda de um fio energizado na tarde desta ter\u00e7a-feira, 9, em S\u00e3o Paulo. O caso aconteceu em Moema, na zona sul paulistana. A capital paulista sofreu os efeitos do segundo dia seguido de temporal, com alagamentos e quedas de \u00e1rvores.<\/p>\n\n\n\n<p>De acordo com os bombeiros, o chamado para atendimento do caso mais grave chegou \u00e0s 17h23. O fio energizado caiu na Rua Pedro de Toledo, na frente do Hospital do Servidor, no n\u00famero 1.800. \u00c0s 18h15, os bombeiros confirmaram a morte de um deles, do sexo masculino. O outro atingido, uma mulher, foi levado ao Pronto-Socorro do Servidor P\u00fablico.<\/p>\n\n\n\n<p>O homem estava dentro do carro, quando o fio caiu sobre o ve\u00edculo ap\u00f3s ser rompido por um galho. Ao desembarcar, a v\u00edtima acabou sendo eletrocutada e morreu na hora. V\u00eddeos feito por testemunhas minutos ap\u00f3s o acidente mostram que chovia e ventava de forma intensa no local. O motorista de \u00f4nibus Joilson Brito chegou a presenciar a cena. \u201cEu tive que parar o \u00f4nibus na rua (Pedro de Toledo), disse.<\/p>\n\n\n\n<p>Em nota, a Enel, concession\u00e1ria de fornecimento de energia do Munic\u00edpio, disse lamentar o acidente e apurar as circunst\u00e2ncias do ocorrido com a rede el\u00e9trica nesse local espec\u00edfico.<\/p>\n\n\n\n<p>Balan\u00e7o divulgado \u00e0 noite pela Defesa Civil apontou que choveu 60 mil\u00edmetros na capital em seis horas. As regi\u00f5es mais atingidas foram as zonas norte, sul e central. No Campo de Marte, que fica na zona norte, as rajadas de vento atingiram 74 quil\u00f4metros por hora na medi\u00e7\u00e3o oficial.<\/p>\n\n\n\n<p>O Centro de Gerenciamento de Emerg\u00eancias Clim\u00e1ticas (CGE), \u00f3rg\u00e3o da Prefeitura, emitiu um alerta durante a tarde para alagamentos em todas as regi\u00f5es da capital. Por volta das 16h40. o Centro j\u00e1 identificava \u00e1reas de instabilidade moderadas e de alta intensidade na cidade, resultado da jun\u00e7\u00e3o do calor t\u00edpico do ver\u00e3o com a entrada espec\u00edfica de uma brisa mar\u00edtima.<\/p>\n\n\n\n<p>O Corpo de Bombeiros informou que foram registradas 186 chamados para quedas de \u00e1rvores e um caso de desmoronamento e desabamento em S\u00e3o Paulo e na regi\u00e3o metropolitana, entre meia-noite e 18h20 de ontem (09).<\/p>\n\n\n\n<p>Fonte: Guarulhos Web \/ Foto: Reprodu\u00e7\u00e3o<\/p>\n","protected":false},"excerpt":{"rendered":"<p>Uma pessoa morreu e outra ficou ferida ap\u00f3s a queda de um fio energizado na tarde desta ter\u00e7a-feira, 9, em S\u00e3o Paulo. O caso aconteceu em Moema, na zona sul paulistana. A capital paulista sofreu os efeitos do segundo dia seguido de temporal, com alagamentos e quedas de \u00e1rvores. De acordo com os bombeiros, o &hellip; <\/p>\n","protected":false},"author":1,"featured_media":22194,"comment_status":"open","ping_status":"open","sticky":false,"template":"","format":"standard","meta":{"footnotes":""},"categories":[4],"tags":[],"class_list":["post-35205","post","type-post","status-publish","format-standard","has-post-thumbnail","hentry","category-noticias"],"_links":{"self":[{"href":"https:\/\/radioimprensa.com.br\/index.php\/wp-json\/wp\/v2\/posts\/35205","targetHints":{"allow":["GET"]}}],"collection":[{"href":"https:\/\/radioimprensa.com.br\/index.php\/wp-json\/wp\/v2\/posts"}],"about":[{"href":"https:\/\/radioimprensa.com.br\/index.php\/wp-json\/wp\/v2\/types\/post"}],"author":[{"embeddable":true,"href":"https:\/\/radioimprensa.com.br\/index.php\/wp-json\/wp\/v2\/users\/1"}],"replies":[{"embeddable":true,"href":"https:\/\/radioimprensa.com.br\/index.php\/wp-json\/wp\/v2\/comments?post=35205"}],"version-history":[{"count":1,"href":"https:\/\/radioimprensa.com.br\/index.php\/wp-json\/wp\/v2\/posts\/35205\/revisions"}],"predecessor-version":[{"id":35206,"href":"https:\/\/radioimprensa.com.br\/index.php\/wp-json\/wp\/v2\/posts\/35205\/revisions\/35206"}],"wp:featuredmedia":[{"embeddable":true,"href":"https:\/\/radioimprensa.com.br\/index.php\/wp-json\/wp\/v2\/media\/22194"}],"wp:attachment":[{"href":"https:\/\/radioimprensa.com.br\/index.php\/wp-json\/wp\/v2\/media?parent=35205"}],"wp:term":[{"taxonomy":"category","embeddable":true,"href":"https:\/\/radioimprensa.com.br\/index.php\/wp-json\/wp\/v2\/categories?post=35205"},{"taxonomy":"post_tag","embeddable":true,"href":"https:\/\/radioimprensa.com.br\/index.php\/wp-json\/wp\/v2\/tags?post=35205"}],"curies":[{"name":"wp","href":"https:\/\/api.w.org\/{rel}","templated":true}]}}