{"id":35255,"date":"2024-01-18T10:52:26","date_gmt":"2024-01-18T13:52:26","guid":{"rendered":"https:\/\/radioimprensa.com.br\/?p=35255"},"modified":"2024-01-18T10:52:27","modified_gmt":"2024-01-18T13:52:27","slug":"guarulhos-sanciona-criacao-de-fundo-de-protecao-animal","status":"publish","type":"post","link":"https:\/\/radioimprensa.com.br\/index.php\/2024\/01\/18\/guarulhos-sanciona-criacao-de-fundo-de-protecao-animal\/","title":{"rendered":"Guarulhos sanciona cria\u00e7\u00e3o de Fundo de Prote\u00e7\u00e3o Animal\u00a0"},"content":{"rendered":"\n<p>O prefeito de Guarulhos, Guti, sancionou nesta&nbsp;ter\u00e7a-feira (16) a lei 1.584\/2023, de autoria do vereador Geleia Protetor, que cria o Fundo de Prote\u00e7\u00e3o Animal (Fupan), um instrumento de capta\u00e7\u00e3o, controle e aplica\u00e7\u00e3o de recursos a serem aplicados em pol\u00edticas p\u00fablicas para a garantia do bem-estar animal e o combate a maus-tratos e abandonos, bem como promover o controle populacional de c\u00e3es, gatos e animais de fazenda.<\/p>\n\n\n\n<p>Os recursos ser\u00e3o aplicados na reforma e na constru\u00e7\u00e3o de recintos para os animais resgatados, no custeio de ra\u00e7\u00f5es, vacinas, castra\u00e7\u00e3o, microchip e RGA, medicamentos e insumos para a manuten\u00e7\u00e3o da sa\u00fade dos animais alojados e outros materiais importantes \u00e0s equipes do Departamento de Prote\u00e7\u00e3o Animal (DPAN), bem como cursos t\u00e9cnicos para aprimoramento de cuidados com pets.<\/p>\n\n\n\n<p>Tamb\u00e9m ser\u00e3o expandidas a\u00e7\u00f5es de conscientiza\u00e7\u00e3o em conjunto com a sociedade civil por meio do aprimoramento de pol\u00edticas j\u00e1 em atividade, como as feiras de ado\u00e7\u00e3o, o projeto Educapet e o Castram\u00f3vel.<\/p>\n\n\n\n<p>O Fundo de Prote\u00e7\u00e3o Animal de Guarulhos ir\u00e1 captar receitas de taxas e multas oriundas de atividades do DPAN, doa\u00e7\u00f5es e dota\u00e7\u00f5es municipais, federais ou de outras entidades nacionais e internacionais. A Lei 1.584\/2023 foi publicada na edi\u00e7\u00e3o desta\u00a0ter\u00e7a-feira (16) do Di\u00e1rio Oficial do Munic\u00edpio.<\/p>\n\n\n\n<p>Fonte: Guarulhos Web \/ Foto: Reprodu\u00e7\u00e3o<\/p>\n","protected":false},"excerpt":{"rendered":"<p>O prefeito de Guarulhos, Guti, sancionou nesta&nbsp;ter\u00e7a-feira (16) a lei 1.584\/2023, de autoria do vereador Geleia Protetor, que cria o Fundo de Prote\u00e7\u00e3o Animal (Fupan), um instrumento de capta\u00e7\u00e3o, controle e aplica\u00e7\u00e3o de recursos a serem aplicados em pol\u00edticas p\u00fablicas para a garantia do bem-estar animal e o combate a maus-tratos e abandonos, bem como &hellip; <\/p>\n","protected":false},"author":1,"featured_media":35256,"comment_status":"open","ping_status":"open","sticky":false,"template":"","format":"standard","meta":{"footnotes":""},"categories":[4],"tags":[],"class_list":["post-35255","post","type-post","status-publish","format-standard","has-post-thumbnail","hentry","category-noticias"],"_links":{"self":[{"href":"https:\/\/radioimprensa.com.br\/index.php\/wp-json\/wp\/v2\/posts\/35255","targetHints":{"allow":["GET"]}}],"collection":[{"href":"https:\/\/radioimprensa.com.br\/index.php\/wp-json\/wp\/v2\/posts"}],"about":[{"href":"https:\/\/radioimprensa.com.br\/index.php\/wp-json\/wp\/v2\/types\/post"}],"author":[{"embeddable":true,"href":"https:\/\/radioimprensa.com.br\/index.php\/wp-json\/wp\/v2\/users\/1"}],"replies":[{"embeddable":true,"href":"https:\/\/radioimprensa.com.br\/index.php\/wp-json\/wp\/v2\/comments?post=35255"}],"version-history":[{"count":1,"href":"https:\/\/radioimprensa.com.br\/index.php\/wp-json\/wp\/v2\/posts\/35255\/revisions"}],"predecessor-version":[{"id":35257,"href":"https:\/\/radioimprensa.com.br\/index.php\/wp-json\/wp\/v2\/posts\/35255\/revisions\/35257"}],"wp:featuredmedia":[{"embeddable":true,"href":"https:\/\/radioimprensa.com.br\/index.php\/wp-json\/wp\/v2\/media\/35256"}],"wp:attachment":[{"href":"https:\/\/radioimprensa.com.br\/index.php\/wp-json\/wp\/v2\/media?parent=35255"}],"wp:term":[{"taxonomy":"category","embeddable":true,"href":"https:\/\/radioimprensa.com.br\/index.php\/wp-json\/wp\/v2\/categories?post=35255"},{"taxonomy":"post_tag","embeddable":true,"href":"https:\/\/radioimprensa.com.br\/index.php\/wp-json\/wp\/v2\/tags?post=35255"}],"curies":[{"name":"wp","href":"https:\/\/api.w.org\/{rel}","templated":true}]}}