{"id":35347,"date":"2024-02-06T10:57:40","date_gmt":"2024-02-06T13:57:40","guid":{"rendered":"https:\/\/radioimprensa.com.br\/?p=35347"},"modified":"2024-02-06T10:58:28","modified_gmt":"2024-02-06T13:58:28","slug":"consulta-ao-valor-do-pis-pasep-de-2024-esta-liberada","status":"publish","type":"post","link":"https:\/\/radioimprensa.com.br\/index.php\/2024\/02\/06\/consulta-ao-valor-do-pis-pasep-de-2024-esta-liberada\/","title":{"rendered":"Consulta ao valor do PIS\/Pasep de 2024 est\u00e1 liberada"},"content":{"rendered":"\n<p>Cerca de 24 milh\u00f5es de pessoas que trabalharam com carteira assinada em 2022 podem consultar, a partir desta segunda-feira (5), o valor do abono salarial do Programa de Integra\u00e7\u00e3o Social (PIS) e do Programa de Forma\u00e7\u00e3o do Patrim\u00f4nio do Servidor P\u00fablico (Pasep) em 2024. A quantia est\u00e1 dispon\u00edvel no aplicativo da Carteira de Trabalho Digital (dispon\u00edvel na\u00a0Google Play\u00a0e na\u00a0App Store)\u00a0e no\u00a0Portal Gov.br.<img decoding=\"async\" src=\"https:\/\/agenciabrasil.ebc.com.br\/ebc.png?id=1579470&amp;o=node\"><img decoding=\"async\" src=\"https:\/\/agenciabrasil.ebc.com.br\/ebc.gif?id=1579470&amp;o=node\"><\/p>\n\n\n\n<p>Quem quiser obter informa\u00e7\u00f5es adicionais, como o calend\u00e1rio de pagamentos, a libera\u00e7\u00e3o da parcela e o esclarecimento de d\u00favidas, deve consultar o\u00a0aplicativo Caixa Trabalhador.<\/p>\n\n\n\n<p>O pagamento do abono salarial de 2022 ser\u00e1 feito de 15 de fevereiro a 15 de agosto, conforme o m\u00eas de nascimento do trabalhador, para quem recebe o PIS, ou o n\u00famero final de inscri\u00e7\u00e3o, para quem recebe o Pasep.<\/p>\n\n\n\n<p>Neste ano, R$ 22,6 bilh\u00f5es podem ser sacados. Segundo o Conselho Deliberativo do Fundo de Amparo ao Trabalhador (Codefat), o abono salarial ser\u00e1 pago a 24,67 milh\u00f5es de trabalhadores em todo o pa\u00eds. Desse total, 21,95 milh\u00f5es que trabalham na iniciativa privada receber\u00e3o R$ 19,8 bilh\u00f5es do PIS e 2,72 milh\u00f5es de servidores p\u00fablicos, empregados de estatais e militares t\u00eam direito a R$ 2,7 bilh\u00f5es do Pasep.<\/p>\n\n\n\n<p>O PIS \u00e9 pago pela Caixa Econ\u00f4mica Federal e o Pasep, pelo Banco do Brasil. Como ocorre tradicionalmente, os pagamentos ser\u00e3o divididos em seis lotes, baseados no m\u00eas de nascimento, no caso do PIS, e no n\u00famero final de inscri\u00e7\u00e3o, no caso do Pasep. O saque iniciar\u00e1 nas datas de libera\u00e7\u00e3o dos lotes e acabar\u00e3o em 27 de dezembro de 2024. Ap\u00f3s esse prazo, ser\u00e1 necess\u00e1rio aguardar a convoca\u00e7\u00e3o especial do Minist\u00e9rio do Trabalho e Previd\u00eancia.<\/p>\n\n\n\n<p>Fonte: Ag\u00eancia Brasil \/ Foto: Codefat (via Ag\u00eancia Brasil)<\/p>\n","protected":false},"excerpt":{"rendered":"<p>Cerca de 24 milh\u00f5es de pessoas que trabalharam com carteira assinada em 2022 podem consultar, a partir desta segunda-feira (5), o valor do abono salarial do Programa de Integra\u00e7\u00e3o Social (PIS) e do Programa de Forma\u00e7\u00e3o do Patrim\u00f4nio do Servidor P\u00fablico (Pasep) em 2024. A quantia est\u00e1 dispon\u00edvel no aplicativo da Carteira de Trabalho Digital &hellip; <\/p>\n","protected":false},"author":1,"featured_media":35348,"comment_status":"open","ping_status":"open","sticky":false,"template":"","format":"standard","meta":{"footnotes":""},"categories":[4],"tags":[],"class_list":["post-35347","post","type-post","status-publish","format-standard","has-post-thumbnail","hentry","category-noticias"],"_links":{"self":[{"href":"https:\/\/radioimprensa.com.br\/index.php\/wp-json\/wp\/v2\/posts\/35347","targetHints":{"allow":["GET"]}}],"collection":[{"href":"https:\/\/radioimprensa.com.br\/index.php\/wp-json\/wp\/v2\/posts"}],"about":[{"href":"https:\/\/radioimprensa.com.br\/index.php\/wp-json\/wp\/v2\/types\/post"}],"author":[{"embeddable":true,"href":"https:\/\/radioimprensa.com.br\/index.php\/wp-json\/wp\/v2\/users\/1"}],"replies":[{"embeddable":true,"href":"https:\/\/radioimprensa.com.br\/index.php\/wp-json\/wp\/v2\/comments?post=35347"}],"version-history":[{"count":2,"href":"https:\/\/radioimprensa.com.br\/index.php\/wp-json\/wp\/v2\/posts\/35347\/revisions"}],"predecessor-version":[{"id":35350,"href":"https:\/\/radioimprensa.com.br\/index.php\/wp-json\/wp\/v2\/posts\/35347\/revisions\/35350"}],"wp:featuredmedia":[{"embeddable":true,"href":"https:\/\/radioimprensa.com.br\/index.php\/wp-json\/wp\/v2\/media\/35348"}],"wp:attachment":[{"href":"https:\/\/radioimprensa.com.br\/index.php\/wp-json\/wp\/v2\/media?parent=35347"}],"wp:term":[{"taxonomy":"category","embeddable":true,"href":"https:\/\/radioimprensa.com.br\/index.php\/wp-json\/wp\/v2\/categories?post=35347"},{"taxonomy":"post_tag","embeddable":true,"href":"https:\/\/radioimprensa.com.br\/index.php\/wp-json\/wp\/v2\/tags?post=35347"}],"curies":[{"name":"wp","href":"https:\/\/api.w.org\/{rel}","templated":true}]}}