{"id":35371,"date":"2024-02-09T10:49:58","date_gmt":"2024-02-09T13:49:58","guid":{"rendered":"https:\/\/radioimprensa.com.br\/?p=35371"},"modified":"2024-02-09T10:49:59","modified_gmt":"2024-02-09T13:49:59","slug":"sabesp-fornecera-agua-as-tendas-medicas-no-carnaval-de-rua","status":"publish","type":"post","link":"https:\/\/radioimprensa.com.br\/index.php\/2024\/02\/09\/sabesp-fornecera-agua-as-tendas-medicas-no-carnaval-de-rua\/","title":{"rendered":"Sabesp fornecer\u00e1 \u00e1gua \u00e0s tendas m\u00e9dicas, no carnaval de rua"},"content":{"rendered":"\n<p>A Sabesp vai oferecer, neste ano, 50 mil copos com \u00e1gua para as tendas de sa\u00fade instaladas pela Prefeitura de S\u00e3o Paulo no carnaval de rua da cidade. Com a m\u00e9dia de temperaturas elevadas nesta \u00e9poca, \u00e9 importante prestar aten\u00e7\u00e3o aos cuidados com hidrata\u00e7\u00e3o, principalmente em eventos com aglomera\u00e7\u00e3o de pessoas.<\/p>\n\n\n\n<p>O item ser\u00e1 destinado somente para as tendas de atendimento m\u00e9dico, com a divis\u00e3o e log\u00edstica de distribui\u00e7\u00e3o realizadas pela organiza\u00e7\u00e3o do evento.<\/p>\n\n\n\n<p>Para atender o p\u00fablico, a Sabesp tamb\u00e9m vai colocar um caminh\u00e3o-tanque em um ponto fixo no Parque do Ibirapuera, de onde sair\u00e3o os megablocos na cidade. Vai instalar ainda, em parceria com o Metr\u00f4, bebedouros nas seis esta\u00e7\u00f5es que ter\u00e3o maior fluxo de foli\u00f5es: Rep\u00fablica, Palmeiras-Barra Funda, Vila Madalena, Para\u00edso, Vila Mariana e S\u00e9. Os equipamentos estar\u00e3o em opera\u00e7\u00e3o de s\u00e1bado (10) a ter\u00e7a (13), das 10h \u00e0s 17h.<\/p>\n\n\n\n<p>Fonte: SABESP \/ Foto: Reprodu\u00e7\u00e3o<\/p>\n","protected":false},"excerpt":{"rendered":"<p>A Sabesp vai oferecer, neste ano, 50 mil copos com \u00e1gua para as tendas de sa\u00fade instaladas pela Prefeitura de S\u00e3o Paulo no carnaval de rua da cidade. Com a m\u00e9dia de temperaturas elevadas nesta \u00e9poca, \u00e9 importante prestar aten\u00e7\u00e3o aos cuidados com hidrata\u00e7\u00e3o, principalmente em eventos com aglomera\u00e7\u00e3o de pessoas. O item ser\u00e1 destinado &hellip; <\/p>\n","protected":false},"author":1,"featured_media":18341,"comment_status":"open","ping_status":"open","sticky":false,"template":"","format":"standard","meta":{"footnotes":""},"categories":[4],"tags":[],"class_list":["post-35371","post","type-post","status-publish","format-standard","has-post-thumbnail","hentry","category-noticias"],"_links":{"self":[{"href":"https:\/\/radioimprensa.com.br\/index.php\/wp-json\/wp\/v2\/posts\/35371","targetHints":{"allow":["GET"]}}],"collection":[{"href":"https:\/\/radioimprensa.com.br\/index.php\/wp-json\/wp\/v2\/posts"}],"about":[{"href":"https:\/\/radioimprensa.com.br\/index.php\/wp-json\/wp\/v2\/types\/post"}],"author":[{"embeddable":true,"href":"https:\/\/radioimprensa.com.br\/index.php\/wp-json\/wp\/v2\/users\/1"}],"replies":[{"embeddable":true,"href":"https:\/\/radioimprensa.com.br\/index.php\/wp-json\/wp\/v2\/comments?post=35371"}],"version-history":[{"count":1,"href":"https:\/\/radioimprensa.com.br\/index.php\/wp-json\/wp\/v2\/posts\/35371\/revisions"}],"predecessor-version":[{"id":35372,"href":"https:\/\/radioimprensa.com.br\/index.php\/wp-json\/wp\/v2\/posts\/35371\/revisions\/35372"}],"wp:featuredmedia":[{"embeddable":true,"href":"https:\/\/radioimprensa.com.br\/index.php\/wp-json\/wp\/v2\/media\/18341"}],"wp:attachment":[{"href":"https:\/\/radioimprensa.com.br\/index.php\/wp-json\/wp\/v2\/media?parent=35371"}],"wp:term":[{"taxonomy":"category","embeddable":true,"href":"https:\/\/radioimprensa.com.br\/index.php\/wp-json\/wp\/v2\/categories?post=35371"},{"taxonomy":"post_tag","embeddable":true,"href":"https:\/\/radioimprensa.com.br\/index.php\/wp-json\/wp\/v2\/tags?post=35371"}],"curies":[{"name":"wp","href":"https:\/\/api.w.org\/{rel}","templated":true}]}}