{"id":35380,"date":"2024-02-15T11:28:24","date_gmt":"2024-02-15T14:28:24","guid":{"rendered":"https:\/\/radioimprensa.com.br\/?p=35380"},"modified":"2024-02-15T11:28:25","modified_gmt":"2024-02-15T14:28:25","slug":"brasileiros-ja-pagaram-mais-de-500-bilhoes-de-reais-em-impostos-neste-ano","status":"publish","type":"post","link":"https:\/\/radioimprensa.com.br\/index.php\/2024\/02\/15\/brasileiros-ja-pagaram-mais-de-500-bilhoes-de-reais-em-impostos-neste-ano\/","title":{"rendered":"Brasileiros j\u00e1 pagaram mais de 500 bilh\u00f5es de reais em impostos, neste ano"},"content":{"rendered":"\n<p>O Impost\u00f4metro, painel instalado da sede da Associa\u00e7\u00e3o Comercial de S\u00e3o Paulo (ACSP), localizado no Centro Hist\u00f3rico da Capital Paulista, registrou nesta quarta-feira (14) R$ 500 bilh\u00f5es em impostos pagos pelos contribuintes brasileiros, aumento de 16,4% em compara\u00e7\u00e3o com 2023.<\/p>\n\n\n\n<p>De acordo com o Impost\u00f4metro, foram destinados R$ 331,6 bilh\u00f5es \u00e0 esfera Federal, R$ 137,3 bilh\u00f5es para a esfera Estadual e R$ 31,1 bilh\u00f5es referentes \u00e0 esfera Municipal, totalizando meio trilh\u00e3o. A marca, alcan\u00e7ada nove dias mais cedo em compara\u00e7\u00e3o ao ano passado, corresponde aos valores de impostos, taxas, contribui\u00e7\u00f5es, multas, juros e corre\u00e7\u00e3o monet\u00e1ria.<\/p>\n\n\n\n<p>No mesmo per\u00edodo de 2023, a marca alcan\u00e7ada foi de R$ 429,6 bilh\u00f5es, sendo R$ 285 bilh\u00f5es \u00e0 esfera Federal, R$ 117,9 bilh\u00f5es para a esfera Estadual e R$ 26,7 bilh\u00f5es referentes \u00e0 esfera Municipal.\u00a0<\/p>\n\n\n\n<p>Ulisses Ruiz de Gamboa, economista da ACSP, ressalta que &#8220;esse acr\u00e9scimo \u00e9 resultado tanto da eleva\u00e7\u00e3o da infla\u00e7\u00e3o nos pre\u00e7os dos bens, em um ambiente onde o sistema tribut\u00e1rio penaliza consideravelmente o consumo, quanto do aumento mais substancial da atividade econ\u00f4mica&#8221;.<\/p>\n\n\n\n<p>Voc\u00ea pode conferir em tempo real os impostos pagos pelos brasileiros em tempo real no site do Impost\u00f4metro:\u00a0www.impost\u00f4metro.com.br<\/p>\n\n\n\n<p>Fonte: ACSP \/ Foto: Reprodu\u00e7\u00e3o<\/p>\n","protected":false},"excerpt":{"rendered":"<p>O Impost\u00f4metro, painel instalado da sede da Associa\u00e7\u00e3o Comercial de S\u00e3o Paulo (ACSP), localizado no Centro Hist\u00f3rico da Capital Paulista, registrou nesta quarta-feira (14) R$ 500 bilh\u00f5es em impostos pagos pelos contribuintes brasileiros, aumento de 16,4% em compara\u00e7\u00e3o com 2023. De acordo com o Impost\u00f4metro, foram destinados R$ 331,6 bilh\u00f5es \u00e0 esfera Federal, R$ 137,3 &hellip; <\/p>\n","protected":false},"author":1,"featured_media":35381,"comment_status":"open","ping_status":"open","sticky":false,"template":"","format":"standard","meta":{"footnotes":""},"categories":[4],"tags":[],"class_list":["post-35380","post","type-post","status-publish","format-standard","has-post-thumbnail","hentry","category-noticias"],"_links":{"self":[{"href":"https:\/\/radioimprensa.com.br\/index.php\/wp-json\/wp\/v2\/posts\/35380","targetHints":{"allow":["GET"]}}],"collection":[{"href":"https:\/\/radioimprensa.com.br\/index.php\/wp-json\/wp\/v2\/posts"}],"about":[{"href":"https:\/\/radioimprensa.com.br\/index.php\/wp-json\/wp\/v2\/types\/post"}],"author":[{"embeddable":true,"href":"https:\/\/radioimprensa.com.br\/index.php\/wp-json\/wp\/v2\/users\/1"}],"replies":[{"embeddable":true,"href":"https:\/\/radioimprensa.com.br\/index.php\/wp-json\/wp\/v2\/comments?post=35380"}],"version-history":[{"count":1,"href":"https:\/\/radioimprensa.com.br\/index.php\/wp-json\/wp\/v2\/posts\/35380\/revisions"}],"predecessor-version":[{"id":35382,"href":"https:\/\/radioimprensa.com.br\/index.php\/wp-json\/wp\/v2\/posts\/35380\/revisions\/35382"}],"wp:featuredmedia":[{"embeddable":true,"href":"https:\/\/radioimprensa.com.br\/index.php\/wp-json\/wp\/v2\/media\/35381"}],"wp:attachment":[{"href":"https:\/\/radioimprensa.com.br\/index.php\/wp-json\/wp\/v2\/media?parent=35380"}],"wp:term":[{"taxonomy":"category","embeddable":true,"href":"https:\/\/radioimprensa.com.br\/index.php\/wp-json\/wp\/v2\/categories?post=35380"},{"taxonomy":"post_tag","embeddable":true,"href":"https:\/\/radioimprensa.com.br\/index.php\/wp-json\/wp\/v2\/tags?post=35380"}],"curies":[{"name":"wp","href":"https:\/\/api.w.org\/{rel}","templated":true}]}}