{"id":35398,"date":"2024-02-20T11:14:55","date_gmt":"2024-02-20T14:14:55","guid":{"rendered":"https:\/\/radioimprensa.com.br\/?p=35398"},"modified":"2024-02-20T11:14:56","modified_gmt":"2024-02-20T14:14:56","slug":"prazo-para-comprovar-dados-do-prouni-termina-hoje","status":"publish","type":"post","link":"https:\/\/radioimprensa.com.br\/index.php\/2024\/02\/20\/prazo-para-comprovar-dados-do-prouni-termina-hoje\/","title":{"rendered":"Prazo para comprovar dados do Prouni termina hoje"},"content":{"rendered":"\n<p>Termina nesta ter\u00e7a-feira (20) o prazo para que candidatos pr\u00e9-selecionados na primeira chamada do Programa Universidade para Todos (Prouni) do primeiro semestre de 2024 comprovem os dados informados no ato da inscri\u00e7\u00e3o.<img decoding=\"async\" src=\"https:\/\/agenciabrasil.ebc.com.br\/ebc.png?id=1581610&amp;o=node\"><img decoding=\"async\" src=\"https:\/\/agenciabrasil.ebc.com.br\/ebc.gif?id=1581610&amp;o=node\"><\/p>\n\n\n\n<p>O processo deve ser feito na pr\u00f3pria institui\u00e7\u00e3o de ensino superior para a qual o candidato foi pr\u00e9-selecionado.<\/p>\n\n\n\n<p>A primeira edi\u00e7\u00e3o do Prouni 2024 ofertou 406.428 bolsas, sendo 308.977 integrais e 97.451\u202fparciais\u202f(50%), distribu\u00eddas em 15.482\u202fcursos\u202fde 1.028 institui\u00e7\u00f5es participantes.<\/p>\n\n\n\n<h4 class=\"wp-block-heading\">O programa<\/h4>\n\n\n\n<p>O Prouni oferta bolsas de estudo integrais e parciais em cursos de gradua\u00e7\u00e3o e sequenciais de forma\u00e7\u00e3o espec\u00edfica, em institui\u00e7\u00f5es de educa\u00e7\u00e3o superior privadas. O p\u00fablico-alvo s\u00e3o estudantes sem diploma de n\u00edvel superior.<\/p>\n\n\n\n<p>O\u202fprocesso seletivo tem duas chamadas sucessivas.\u202fA lista dos\u202fcandidatos\u202fpr\u00e9-selecionados\u202fna segunda chamada deve ser publicada no\u00a0Portal\u202f\u00danico de\u202fAcesso ao Ensino Superior\u00a0em 27 de fevereiro.<\/p>\n\n\n\n<p>Fonte: Ag\u00eancia Brasil \/ Foto: Reprodu\u00e7\u00e3o<\/p>\n","protected":false},"excerpt":{"rendered":"<p>Termina nesta ter\u00e7a-feira (20) o prazo para que candidatos pr\u00e9-selecionados na primeira chamada do Programa Universidade para Todos (Prouni) do primeiro semestre de 2024 comprovem os dados informados no ato da inscri\u00e7\u00e3o. O processo deve ser feito na pr\u00f3pria institui\u00e7\u00e3o de ensino superior para a qual o candidato foi pr\u00e9-selecionado. A primeira edi\u00e7\u00e3o do Prouni &hellip; <\/p>\n","protected":false},"author":1,"featured_media":19517,"comment_status":"open","ping_status":"open","sticky":false,"template":"","format":"standard","meta":{"footnotes":""},"categories":[4],"tags":[],"class_list":["post-35398","post","type-post","status-publish","format-standard","has-post-thumbnail","hentry","category-noticias"],"_links":{"self":[{"href":"https:\/\/radioimprensa.com.br\/index.php\/wp-json\/wp\/v2\/posts\/35398","targetHints":{"allow":["GET"]}}],"collection":[{"href":"https:\/\/radioimprensa.com.br\/index.php\/wp-json\/wp\/v2\/posts"}],"about":[{"href":"https:\/\/radioimprensa.com.br\/index.php\/wp-json\/wp\/v2\/types\/post"}],"author":[{"embeddable":true,"href":"https:\/\/radioimprensa.com.br\/index.php\/wp-json\/wp\/v2\/users\/1"}],"replies":[{"embeddable":true,"href":"https:\/\/radioimprensa.com.br\/index.php\/wp-json\/wp\/v2\/comments?post=35398"}],"version-history":[{"count":1,"href":"https:\/\/radioimprensa.com.br\/index.php\/wp-json\/wp\/v2\/posts\/35398\/revisions"}],"predecessor-version":[{"id":35399,"href":"https:\/\/radioimprensa.com.br\/index.php\/wp-json\/wp\/v2\/posts\/35398\/revisions\/35399"}],"wp:featuredmedia":[{"embeddable":true,"href":"https:\/\/radioimprensa.com.br\/index.php\/wp-json\/wp\/v2\/media\/19517"}],"wp:attachment":[{"href":"https:\/\/radioimprensa.com.br\/index.php\/wp-json\/wp\/v2\/media?parent=35398"}],"wp:term":[{"taxonomy":"category","embeddable":true,"href":"https:\/\/radioimprensa.com.br\/index.php\/wp-json\/wp\/v2\/categories?post=35398"},{"taxonomy":"post_tag","embeddable":true,"href":"https:\/\/radioimprensa.com.br\/index.php\/wp-json\/wp\/v2\/tags?post=35398"}],"curies":[{"name":"wp","href":"https:\/\/api.w.org\/{rel}","templated":true}]}}