{"id":35400,"date":"2024-02-20T11:19:22","date_gmt":"2024-02-20T14:19:22","guid":{"rendered":"https:\/\/radioimprensa.com.br\/?p=35400"},"modified":"2024-02-20T11:19:23","modified_gmt":"2024-02-20T14:19:23","slug":"policiais-fantasiados-de-chapolin-prendem-quadrilha-em-bloco-de-pos-carnaval","status":"publish","type":"post","link":"https:\/\/radioimprensa.com.br\/index.php\/2024\/02\/20\/policiais-fantasiados-de-chapolin-prendem-quadrilha-em-bloco-de-pos-carnaval\/","title":{"rendered":"Policiais fantasiados de Chapolin prendem quadrilha em bloco de p\u00f3s-carnaval"},"content":{"rendered":"\n<p>A Pol\u00edcia Civil prendeu nesse domingo, 18, integrantes de uma quadrilha que furtava celulares durante as festas de carnaval de rua na Vila Mariana, zona sul de S\u00e3o Paulo. A a\u00e7\u00e3o envolveu agentes de seguran\u00e7a \u00e0 paisana, vestidos de Chapolin Colorado, o personagem criado pelo mesmo idealizador da s\u00e9rie mexicana Chaves.<\/p>\n\n\n\n<p>Os policiais identificaram uma mulher e tr\u00eas homens em busca de poss\u00edveis v\u00edtimas. Ao abordarem os suspeitos, a pol\u00edcia identificou seis celulares, que foram apreendidos. Os quatro criminosos foram presos em flagrante pelos crimes de furto e associa\u00e7\u00e3o criminosa.<\/p>\n\n\n\n<p>A Pol\u00edcia Civil adotou a estrat\u00e9gia de infiltrar agentes disfar\u00e7ados em meio aos foli\u00f5es pela primeira vez neste ano. Al\u00e9m do fator surpresa, os agentes contaram com um trabalho pr\u00e9vio de intelig\u00eancia realizado para identificar os locais de atua\u00e7\u00e3o dos grupos criminosos.<\/p>\n\n\n\n<p>Conforme o balan\u00e7o de carnaval divulgado ontem (19), entre os dias 9 e 14 de fevereiro, a Pol\u00edcia Civil registrou, na cidade de S\u00e3o Paulo, 543 boletins de ocorr\u00eancia relacionados a furtos e roubos de celulares.<\/p>\n\n\n\n<p>O n\u00famero representa queda de 48% com rela\u00e7\u00e3o ao mesmo per\u00edodo do ano anterior. Foram 59 presos por suspeita de praticar crimes, al\u00e9m de189 celulares e quase 600 cart\u00f5es banc\u00e1rios recuperados.<\/p>\n\n\n\n<p>Fonte: Guarulhos Web \/ Foto: Reprodu\u00e7\u00e3o<\/p>\n","protected":false},"excerpt":{"rendered":"<p>A Pol\u00edcia Civil prendeu nesse domingo, 18, integrantes de uma quadrilha que furtava celulares durante as festas de carnaval de rua na Vila Mariana, zona sul de S\u00e3o Paulo. A a\u00e7\u00e3o envolveu agentes de seguran\u00e7a \u00e0 paisana, vestidos de Chapolin Colorado, o personagem criado pelo mesmo idealizador da s\u00e9rie mexicana Chaves. Os policiais identificaram uma &hellip; <\/p>\n","protected":false},"author":1,"featured_media":35401,"comment_status":"open","ping_status":"open","sticky":false,"template":"","format":"standard","meta":{"footnotes":""},"categories":[4],"tags":[],"class_list":["post-35400","post","type-post","status-publish","format-standard","has-post-thumbnail","hentry","category-noticias"],"_links":{"self":[{"href":"https:\/\/radioimprensa.com.br\/index.php\/wp-json\/wp\/v2\/posts\/35400","targetHints":{"allow":["GET"]}}],"collection":[{"href":"https:\/\/radioimprensa.com.br\/index.php\/wp-json\/wp\/v2\/posts"}],"about":[{"href":"https:\/\/radioimprensa.com.br\/index.php\/wp-json\/wp\/v2\/types\/post"}],"author":[{"embeddable":true,"href":"https:\/\/radioimprensa.com.br\/index.php\/wp-json\/wp\/v2\/users\/1"}],"replies":[{"embeddable":true,"href":"https:\/\/radioimprensa.com.br\/index.php\/wp-json\/wp\/v2\/comments?post=35400"}],"version-history":[{"count":1,"href":"https:\/\/radioimprensa.com.br\/index.php\/wp-json\/wp\/v2\/posts\/35400\/revisions"}],"predecessor-version":[{"id":35402,"href":"https:\/\/radioimprensa.com.br\/index.php\/wp-json\/wp\/v2\/posts\/35400\/revisions\/35402"}],"wp:featuredmedia":[{"embeddable":true,"href":"https:\/\/radioimprensa.com.br\/index.php\/wp-json\/wp\/v2\/media\/35401"}],"wp:attachment":[{"href":"https:\/\/radioimprensa.com.br\/index.php\/wp-json\/wp\/v2\/media?parent=35400"}],"wp:term":[{"taxonomy":"category","embeddable":true,"href":"https:\/\/radioimprensa.com.br\/index.php\/wp-json\/wp\/v2\/categories?post=35400"},{"taxonomy":"post_tag","embeddable":true,"href":"https:\/\/radioimprensa.com.br\/index.php\/wp-json\/wp\/v2\/tags?post=35400"}],"curies":[{"name":"wp","href":"https:\/\/api.w.org\/{rel}","templated":true}]}}