{"id":35403,"date":"2024-02-21T10:33:21","date_gmt":"2024-02-21T13:33:21","guid":{"rendered":"https:\/\/radioimprensa.com.br\/?p=35403"},"modified":"2024-02-21T10:33:22","modified_gmt":"2024-02-21T13:33:22","slug":"senado-aprova-fim-da-saidinha-de-presos","status":"publish","type":"post","link":"https:\/\/radioimprensa.com.br\/index.php\/2024\/02\/21\/senado-aprova-fim-da-saidinha-de-presos\/","title":{"rendered":"Senado aprova fim da \u201csaidinha\u201d de presos\u00a0"},"content":{"rendered":"\n<p>O Senado aprovou o projeto de lei que acaba com as sa\u00eddas tempor\u00e1rias de presos em feriados e datas comemorativas, mas mant\u00e9m a autoriza\u00e7\u00e3o para que detentos em regime semiaberto possam estudar fora da pris\u00e3o. Como os senadores fizeram\u00a0mudan\u00e7as, a proposta ser\u00e1 analisada novamente pela C\u00e2mara dos Deputados, que aprovou o projeto em 2022.\u00a0<img decoding=\"async\" src=\"https:\/\/agenciabrasil.ebc.com.br\/ebc.png?id=1581925&amp;o=node\"><img decoding=\"async\" src=\"https:\/\/agenciabrasil.ebc.com.br\/ebc.gif?id=1581925&amp;o=node\"><\/p>\n\n\n\n<p>A proposta foi aprovada por 62 votos favor\u00e1veis e dois contr\u00e1rios &#8211; dos senadores Cid Gomes (PSB-CE) e Rog\u00e9rio Carvalho (PT-SE).&nbsp;<\/p>\n\n\n\n<p>A legisla\u00e7\u00e3o atual prev\u00ea a sa\u00edda tempor\u00e1ria, conhecida como \u201csaidinha\u201d, para condenados no regime semiaberto. Eles podem deixar a pris\u00e3o cinco vezes ao ano para visitar a fam\u00edlia em feriados, estudar fora ou participar de atividades de ressocializa\u00e7\u00e3o.<\/p>\n\n\n\n<p>A proposta aprovada tamb\u00e9m prev\u00ea a realiza\u00e7\u00e3o de exame criminol\u00f3gico para permitir a progress\u00e3o de regime de condenados. De acordo com o texto, um apenado s\u00f3 ter\u00e1 direito ao benef\u00edcio se \u201costentar boa conduta carcer\u00e1ria, comprovada pelo diretor do estabelecimento e pelos resultados do exame criminol\u00f3gico\u201d.\u00a0<\/p>\n\n\n\n<p>Por emenda apresentada pelo senador Sergio Moro (Uni\u00e3o Brasil-PR) na Comiss\u00e3o de Seguran\u00e7a P\u00fablica, fica permitida a sa\u00edda de presos para frequ\u00eancia a curso profissionalizante, de ensino m\u00e9dio ou superior. N\u00e3o se enquadram nessa permiss\u00e3o os presos que praticaram crime hediondo ou crime praticado com viol\u00eancia ou grave amea\u00e7a contra a pessoa.\u00a0<\/p>\n\n\n\n<p>O projeto estabelece regras para a monitora\u00e7\u00e3o de presos com o uso de tornozeleira&nbsp;eletr\u00f4nica. Segundo a proposi\u00e7\u00e3o, o juiz pode determinar a fiscaliza\u00e7\u00e3o eletr\u00f4nica como requisito para o cumprimento de penas do regime aberto e semiaberto e de presos com restri\u00e7\u00e3o de circula\u00e7\u00e3o p\u00fablica e para estabelecer o livramento condicional.&nbsp;<\/p>\n\n\n\n<p>A legisla\u00e7\u00e3o ser\u00e1 chamada de \u201cLei Sargento PM Dias\u201d, em homenagem\u00a0ao policial militar\u00a0de Minas Gerais que foi morto\u00a0em janeiro deste ano durante uma persegui\u00e7\u00e3o na capital mineira. O autor do crime era um benefici\u00e1rio da sa\u00edda tempor\u00e1ria.\u00a0<\/p>\n\n\n\n<p>Fonte: Ag\u00eancia Brasil \/ Foto: Divulga\u00e7\u00e3o, SAP<\/p>\n","protected":false},"excerpt":{"rendered":"<p>O Senado aprovou o projeto de lei que acaba com as sa\u00eddas tempor\u00e1rias de presos em feriados e datas comemorativas, mas mant\u00e9m a autoriza\u00e7\u00e3o para que detentos em regime semiaberto possam estudar fora da pris\u00e3o. Como os senadores fizeram\u00a0mudan\u00e7as, a proposta ser\u00e1 analisada novamente pela C\u00e2mara dos Deputados, que aprovou o projeto em 2022.\u00a0 A &hellip; <\/p>\n","protected":false},"author":1,"featured_media":27273,"comment_status":"open","ping_status":"open","sticky":false,"template":"","format":"standard","meta":{"footnotes":""},"categories":[4],"tags":[],"class_list":["post-35403","post","type-post","status-publish","format-standard","has-post-thumbnail","hentry","category-noticias"],"_links":{"self":[{"href":"https:\/\/radioimprensa.com.br\/index.php\/wp-json\/wp\/v2\/posts\/35403","targetHints":{"allow":["GET"]}}],"collection":[{"href":"https:\/\/radioimprensa.com.br\/index.php\/wp-json\/wp\/v2\/posts"}],"about":[{"href":"https:\/\/radioimprensa.com.br\/index.php\/wp-json\/wp\/v2\/types\/post"}],"author":[{"embeddable":true,"href":"https:\/\/radioimprensa.com.br\/index.php\/wp-json\/wp\/v2\/users\/1"}],"replies":[{"embeddable":true,"href":"https:\/\/radioimprensa.com.br\/index.php\/wp-json\/wp\/v2\/comments?post=35403"}],"version-history":[{"count":1,"href":"https:\/\/radioimprensa.com.br\/index.php\/wp-json\/wp\/v2\/posts\/35403\/revisions"}],"predecessor-version":[{"id":35404,"href":"https:\/\/radioimprensa.com.br\/index.php\/wp-json\/wp\/v2\/posts\/35403\/revisions\/35404"}],"wp:featuredmedia":[{"embeddable":true,"href":"https:\/\/radioimprensa.com.br\/index.php\/wp-json\/wp\/v2\/media\/27273"}],"wp:attachment":[{"href":"https:\/\/radioimprensa.com.br\/index.php\/wp-json\/wp\/v2\/media?parent=35403"}],"wp:term":[{"taxonomy":"category","embeddable":true,"href":"https:\/\/radioimprensa.com.br\/index.php\/wp-json\/wp\/v2\/categories?post=35403"},{"taxonomy":"post_tag","embeddable":true,"href":"https:\/\/radioimprensa.com.br\/index.php\/wp-json\/wp\/v2\/tags?post=35403"}],"curies":[{"name":"wp","href":"https:\/\/api.w.org\/{rel}","templated":true}]}}