{"id":35450,"date":"2024-02-29T10:55:13","date_gmt":"2024-02-29T13:55:13","guid":{"rendered":"https:\/\/radioimprensa.com.br\/?p=35450"},"modified":"2024-02-29T10:55:18","modified_gmt":"2024-02-29T13:55:18","slug":"vacinacao-contra-gripe-sera-antecipada","status":"publish","type":"post","link":"https:\/\/radioimprensa.com.br\/index.php\/2024\/02\/29\/vacinacao-contra-gripe-sera-antecipada\/","title":{"rendered":"Vacina\u00e7\u00e3o contra gripe ser\u00e1 antecipada"},"content":{"rendered":"\n<p>A Campanha Nacional de Vacina\u00e7\u00e3o contra a Gripe vai come\u00e7ar no dia 25 de mar\u00e7o. Em nota, o Minist\u00e9rio da Sa\u00fade informou que a imuniza\u00e7\u00e3o, tradicionalmente realizada entre os meses de abril e maio, foi antecipada este ano em raz\u00e3o do aumento da circula\u00e7\u00e3o de v\u00edrus respirat\u00f3rios no pa\u00eds.<img decoding=\"async\" src=\"https:\/\/agenciabrasil.ebc.com.br\/ebc.png?id=1583474&amp;o=node\"><img decoding=\"async\" src=\"https:\/\/agenciabrasil.ebc.com.br\/ebc.gif?id=1583474&amp;o=node\"><\/p>\n\n\n\n<p>A pasta informou ainda ter negociado a entrega antecipada das doses, que est\u00e3o previstas para serem distribu\u00eddas aos estados das regi\u00f5es Nordeste, Centro-Oeste, Sudeste e Sul a partir do dia 20 de mar\u00e7o. Munic\u00edpios do Norte j\u00e1 realizaram a imuniza\u00e7\u00e3o entre novembro e dezembro do ano passado, atendendo \u00e0s particularidades clim\u00e1ticas da regi\u00e3o.<\/p>\n\n\n\n<p>De acordo com o minist\u00e9rio, a vacina previne contra os v\u00edrus que geralmente come\u00e7am a circular no pa\u00eds nos meses de maio, junho e julho. Nessa quarta-feira (29), a secret\u00e1ria de Vigil\u00e2ncia em Sa\u00fade e Ambiente, Ethel Maciel, disse que a pasta vem observando uma antecipa\u00e7\u00e3o da circula\u00e7\u00e3o de v\u00edrus respirat\u00f3rios no Brasil.<\/p>\n\n\n\n<p>A dose utilizada \u00e9 a trivalente e, portanto, conta com tr\u00eas tipos de cepas combinadas, protegendo contra os principais v\u00edrus em circula\u00e7\u00e3o no Brasil. A estimativa do minist\u00e9rio \u00e9 que 75 milh\u00f5es de pessoas sejam imunizadas. A pasta informa que a vacina\u00a0<em>influenza<\/em>\u00a0pode ser administrada na mesma ocasi\u00e3o de outros imunizantes do Calend\u00e1rio Nacional de Vacina\u00e7\u00e3o.<\/p>\n\n\n\n<p>Fonte: Ag\u00eancia Brasil \/ Foto: Antonio Cruz, Ag\u00eancia Brasil<\/p>\n","protected":false},"excerpt":{"rendered":"<p>A Campanha Nacional de Vacina\u00e7\u00e3o contra a Gripe vai come\u00e7ar no dia 25 de mar\u00e7o. Em nota, o Minist\u00e9rio da Sa\u00fade informou que a imuniza\u00e7\u00e3o, tradicionalmente realizada entre os meses de abril e maio, foi antecipada este ano em raz\u00e3o do aumento da circula\u00e7\u00e3o de v\u00edrus respirat\u00f3rios no pa\u00eds. A pasta informou ainda ter negociado &hellip; <\/p>\n","protected":false},"author":1,"featured_media":28466,"comment_status":"open","ping_status":"open","sticky":false,"template":"","format":"standard","meta":{"footnotes":""},"categories":[4],"tags":[],"class_list":["post-35450","post","type-post","status-publish","format-standard","has-post-thumbnail","hentry","category-noticias"],"_links":{"self":[{"href":"https:\/\/radioimprensa.com.br\/index.php\/wp-json\/wp\/v2\/posts\/35450","targetHints":{"allow":["GET"]}}],"collection":[{"href":"https:\/\/radioimprensa.com.br\/index.php\/wp-json\/wp\/v2\/posts"}],"about":[{"href":"https:\/\/radioimprensa.com.br\/index.php\/wp-json\/wp\/v2\/types\/post"}],"author":[{"embeddable":true,"href":"https:\/\/radioimprensa.com.br\/index.php\/wp-json\/wp\/v2\/users\/1"}],"replies":[{"embeddable":true,"href":"https:\/\/radioimprensa.com.br\/index.php\/wp-json\/wp\/v2\/comments?post=35450"}],"version-history":[{"count":1,"href":"https:\/\/radioimprensa.com.br\/index.php\/wp-json\/wp\/v2\/posts\/35450\/revisions"}],"predecessor-version":[{"id":35451,"href":"https:\/\/radioimprensa.com.br\/index.php\/wp-json\/wp\/v2\/posts\/35450\/revisions\/35451"}],"wp:featuredmedia":[{"embeddable":true,"href":"https:\/\/radioimprensa.com.br\/index.php\/wp-json\/wp\/v2\/media\/28466"}],"wp:attachment":[{"href":"https:\/\/radioimprensa.com.br\/index.php\/wp-json\/wp\/v2\/media?parent=35450"}],"wp:term":[{"taxonomy":"category","embeddable":true,"href":"https:\/\/radioimprensa.com.br\/index.php\/wp-json\/wp\/v2\/categories?post=35450"},{"taxonomy":"post_tag","embeddable":true,"href":"https:\/\/radioimprensa.com.br\/index.php\/wp-json\/wp\/v2\/tags?post=35450"}],"curies":[{"name":"wp","href":"https:\/\/api.w.org\/{rel}","templated":true}]}}