{"id":35455,"date":"2024-02-29T11:02:56","date_gmt":"2024-02-29T14:02:56","guid":{"rendered":"https:\/\/radioimprensa.com.br\/?p=35455"},"modified":"2024-02-29T11:02:58","modified_gmt":"2024-02-29T14:02:58","slug":"receita-paga-lote-residual-do-imposto-de-renda","status":"publish","type":"post","link":"https:\/\/radioimprensa.com.br\/index.php\/2024\/02\/29\/receita-paga-lote-residual-do-imposto-de-renda\/","title":{"rendered":"Receita paga lote residual do Imposto de Renda"},"content":{"rendered":"\n<p>A Receita Federal credita, nesta quinta-feira (29), os valores das restitui\u00e7\u00f5es do lote residual do Imposto de Renda Pessoa F\u00edsica (IRPF) de fevereiro de 2024. Os lotes s\u00e3o de contribuintes que ca\u00edram na malha fina e regularizaram as pend\u00eancias com o Fisco. O valor total das restitui\u00e7\u00f5es \u00e9 de mais de R$ 304,1 milh\u00f5es.<img decoding=\"async\" src=\"https:\/\/agenciabrasil.ebc.com.br\/ebc.png?id=1583466&amp;o=node\"><img decoding=\"async\" src=\"https:\/\/agenciabrasil.ebc.com.br\/ebc.gif?id=1583466&amp;o=node\"><\/p>\n\n\n\n<p>Desse total, R$ 208,9 milh\u00f5es ser\u00e3o destinados a contribuintes com prioridade: 3.155 contribuintes idosos acima de 80 anos de idade; 25.536 contribuintes entre 60 e 79 anos; 3.351 contribuintes com alguma defici\u00eancia f\u00edsica ou mental ou mol\u00e9stia grave; 6.744 contribuintes cuja maior fonte de renda seja o magist\u00e9rio.<\/p>\n\n\n\n<p>Tamb\u00e9m h\u00e1 80.680 contribuintes sem prioridade legal, mas que receber\u00e3o neste lote por terem usado a declara\u00e7\u00e3o pr\u00e9-preenchida ou optado por receber a restitui\u00e7\u00e3o por meio de Pix. Foram contemplados ainda 88.857 contribuintes n\u00e3o priorit\u00e1rios.<\/p>\n\n\n\n<p>Para saber se teve a declara\u00e7\u00e3o liberada, o contribuinte deve acessar a p\u00e1gina da\u00a0Receita na internet,\u00a0clicar em &#8220;Meu Imposto de Renda&#8221; e, em seguida, em &#8220;Consultar a Restitui\u00e7\u00e3o&#8221;. Tamb\u00e9m \u00e9 poss\u00edvel fazer a consulta no aplicativo da Receita Federal para tablets e smartphones.<\/p>\n\n\n\n<p>Caso o contribuinte n\u00e3o esteja na lista, dever\u00e1 entrar no\u00a0Centro Virtual de Atendimento ao Contribuinte (e-CAC)\u00a0e tirar o extrato da declara\u00e7\u00e3o. Se houver pend\u00eancia, pode enviar declara\u00e7\u00e3o retificadora e esperar os pr\u00f3ximos lotes da malha fina.<\/p>\n\n\n\n<p>Fonte: Ag\u00eancia Brasil \/ Foto: Marcelo Camargo, Ag\u00eancia Brasil<\/p>\n","protected":false},"excerpt":{"rendered":"<p>A Receita Federal credita, nesta quinta-feira (29), os valores das restitui\u00e7\u00f5es do lote residual do Imposto de Renda Pessoa F\u00edsica (IRPF) de fevereiro de 2024. Os lotes s\u00e3o de contribuintes que ca\u00edram na malha fina e regularizaram as pend\u00eancias com o Fisco. O valor total das restitui\u00e7\u00f5es \u00e9 de mais de R$ 304,1 milh\u00f5es. Desse &hellip; <\/p>\n","protected":false},"author":1,"featured_media":27894,"comment_status":"open","ping_status":"open","sticky":false,"template":"","format":"standard","meta":{"footnotes":""},"categories":[4],"tags":[],"class_list":["post-35455","post","type-post","status-publish","format-standard","has-post-thumbnail","hentry","category-noticias"],"_links":{"self":[{"href":"https:\/\/radioimprensa.com.br\/index.php\/wp-json\/wp\/v2\/posts\/35455","targetHints":{"allow":["GET"]}}],"collection":[{"href":"https:\/\/radioimprensa.com.br\/index.php\/wp-json\/wp\/v2\/posts"}],"about":[{"href":"https:\/\/radioimprensa.com.br\/index.php\/wp-json\/wp\/v2\/types\/post"}],"author":[{"embeddable":true,"href":"https:\/\/radioimprensa.com.br\/index.php\/wp-json\/wp\/v2\/users\/1"}],"replies":[{"embeddable":true,"href":"https:\/\/radioimprensa.com.br\/index.php\/wp-json\/wp\/v2\/comments?post=35455"}],"version-history":[{"count":1,"href":"https:\/\/radioimprensa.com.br\/index.php\/wp-json\/wp\/v2\/posts\/35455\/revisions"}],"predecessor-version":[{"id":35456,"href":"https:\/\/radioimprensa.com.br\/index.php\/wp-json\/wp\/v2\/posts\/35455\/revisions\/35456"}],"wp:featuredmedia":[{"embeddable":true,"href":"https:\/\/radioimprensa.com.br\/index.php\/wp-json\/wp\/v2\/media\/27894"}],"wp:attachment":[{"href":"https:\/\/radioimprensa.com.br\/index.php\/wp-json\/wp\/v2\/media?parent=35455"}],"wp:term":[{"taxonomy":"category","embeddable":true,"href":"https:\/\/radioimprensa.com.br\/index.php\/wp-json\/wp\/v2\/categories?post=35455"},{"taxonomy":"post_tag","embeddable":true,"href":"https:\/\/radioimprensa.com.br\/index.php\/wp-json\/wp\/v2\/tags?post=35455"}],"curies":[{"name":"wp","href":"https:\/\/api.w.org\/{rel}","templated":true}]}}