{"id":35489,"date":"2024-03-09T09:12:21","date_gmt":"2024-03-09T12:12:21","guid":{"rendered":"https:\/\/radioimprensa.com.br\/?p=35489"},"modified":"2024-03-09T09:12:23","modified_gmt":"2024-03-09T12:12:23","slug":"ubatuba-decreta-situacao-de-emergencia-por-chuvas-intensas","status":"publish","type":"post","link":"https:\/\/radioimprensa.com.br\/index.php\/2024\/03\/09\/ubatuba-decreta-situacao-de-emergencia-por-chuvas-intensas\/","title":{"rendered":"Ubatuba decreta situa\u00e7\u00e3o de emerg\u00eancia por chuvas intensas"},"content":{"rendered":"\n<p>A prefeitura de Ubatuba, no litoral norte de S\u00e3o Paulo, decretou nesta sexta-feira&nbsp;(8) situa\u00e7\u00e3o de emerg\u00eancia no munic\u00edpio por causa dos estragos provocados pela chuva desta semana. A medida vale por 180 dias.<img decoding=\"async\" src=\"https:\/\/agenciabrasil.ebc.com.br\/ebc.png?id=1584946&amp;o=node\"><img decoding=\"async\" src=\"https:\/\/agenciabrasil.ebc.com.br\/ebc.gif?id=1584946&amp;o=node\"><\/p>\n\n\n\n<p>Segundo a administra\u00e7\u00e3o municipal, a medida ajudar\u00e1 a desburocratizar procedimentos e foi necess\u00e1ria para \u201cgarantir o bem-estar da popula\u00e7\u00e3o e as atividades socioecon\u00f4micas locais\u201d, al\u00e9m de possibilitar uma resposta imediata para combater a situa\u00e7\u00e3o emergencial.<\/p>\n\n\n\n<p>Desde quarta-feira (6), a cidade vem sido atingida por fortes chuvas. Na noite de quinta-feira (7), por exemplo, a ponte do Bairro Folha Seca foi atingida, o que&nbsp;acabou deixando a comunidade isolada. Seis pessoas n\u00e3o conseguiram retornar para suas resid\u00eancias e ficaram abrigadas na escola Ernesmar.<\/p>\n\n\n\n<p>De quarta para quinta-feira, Ubatuba registrou um volume de 347 mil\u00edmetros (mm) de chuva, o que ocasionou diversos danos materiais e ambientais. De acordo com a prefeitura, foram registrados deslizamentos de terras na Rodovia Oswaldo Cruz, que permanece interditada, al\u00e9m de quedas de \u00e1rvores na Estrada do Monte Val\u00e9rio. Tamb\u00e9m houve casos de pessoas que ficaram ilhadas. As aulas tiveram que ser suspensas.<\/p>\n\n\n\n<p>Fonte: Ag\u00eancia Brasil \/ Foto: Divulga\u00e7\u00e3o, Defesa Civil<\/p>\n","protected":false},"excerpt":{"rendered":"<p>A prefeitura de Ubatuba, no litoral norte de S\u00e3o Paulo, decretou nesta sexta-feira&nbsp;(8) situa\u00e7\u00e3o de emerg\u00eancia no munic\u00edpio por causa dos estragos provocados pela chuva desta semana. A medida vale por 180 dias. Segundo a administra\u00e7\u00e3o municipal, a medida ajudar\u00e1 a desburocratizar procedimentos e foi necess\u00e1ria para \u201cgarantir o bem-estar da popula\u00e7\u00e3o e as atividades &hellip; <\/p>\n","protected":false},"author":1,"featured_media":35490,"comment_status":"open","ping_status":"open","sticky":false,"template":"","format":"standard","meta":{"footnotes":""},"categories":[4],"tags":[],"class_list":["post-35489","post","type-post","status-publish","format-standard","has-post-thumbnail","hentry","category-noticias"],"_links":{"self":[{"href":"https:\/\/radioimprensa.com.br\/index.php\/wp-json\/wp\/v2\/posts\/35489","targetHints":{"allow":["GET"]}}],"collection":[{"href":"https:\/\/radioimprensa.com.br\/index.php\/wp-json\/wp\/v2\/posts"}],"about":[{"href":"https:\/\/radioimprensa.com.br\/index.php\/wp-json\/wp\/v2\/types\/post"}],"author":[{"embeddable":true,"href":"https:\/\/radioimprensa.com.br\/index.php\/wp-json\/wp\/v2\/users\/1"}],"replies":[{"embeddable":true,"href":"https:\/\/radioimprensa.com.br\/index.php\/wp-json\/wp\/v2\/comments?post=35489"}],"version-history":[{"count":1,"href":"https:\/\/radioimprensa.com.br\/index.php\/wp-json\/wp\/v2\/posts\/35489\/revisions"}],"predecessor-version":[{"id":35491,"href":"https:\/\/radioimprensa.com.br\/index.php\/wp-json\/wp\/v2\/posts\/35489\/revisions\/35491"}],"wp:featuredmedia":[{"embeddable":true,"href":"https:\/\/radioimprensa.com.br\/index.php\/wp-json\/wp\/v2\/media\/35490"}],"wp:attachment":[{"href":"https:\/\/radioimprensa.com.br\/index.php\/wp-json\/wp\/v2\/media?parent=35489"}],"wp:term":[{"taxonomy":"category","embeddable":true,"href":"https:\/\/radioimprensa.com.br\/index.php\/wp-json\/wp\/v2\/categories?post=35489"},{"taxonomy":"post_tag","embeddable":true,"href":"https:\/\/radioimprensa.com.br\/index.php\/wp-json\/wp\/v2\/tags?post=35489"}],"curies":[{"name":"wp","href":"https:\/\/api.w.org\/{rel}","templated":true}]}}