{"id":35492,"date":"2024-03-09T09:14:43","date_gmt":"2024-03-09T12:14:43","guid":{"rendered":"https:\/\/radioimprensa.com.br\/?p=35492"},"modified":"2024-03-09T09:14:44","modified_gmt":"2024-03-09T12:14:44","slug":"pedagios-de-rodovias-federais-poderao-ser-pagos-via-pix","status":"publish","type":"post","link":"https:\/\/radioimprensa.com.br\/index.php\/2024\/03\/09\/pedagios-de-rodovias-federais-poderao-ser-pagos-via-pix\/","title":{"rendered":"Ped\u00e1gios de rodovias federais poder\u00e3o ser pagos via PIX"},"content":{"rendered":"\n<p>O Minist\u00e9rio dos Transportes publicou no Di\u00e1rio Oficial da Uni\u00e3o (DOU) desta sexta-feira (8) portaria instituindo a pol\u00edtica de incentivo \u00e0 diversifica\u00e7\u00e3o dos meios de pagamento de ped\u00e1gios em rodovias federais administradas por concession\u00e1rias privadas.&nbsp;A medida entrar\u00e1 em vigor em 90 dias.<img decoding=\"async\" src=\"https:\/\/agenciabrasil.ebc.com.br\/ebc.png?id=1584834&amp;o=node\"><img decoding=\"async\" src=\"https:\/\/agenciabrasil.ebc.com.br\/ebc.gif?id=1584834&amp;o=node\"><\/p>\n\n\n\n<p>Assinada pelo ministro Renan Filho, dos Transportes, a\u00a0Portaria n\u00b0 241\u00a0estabelece a obrigatoriedade de as empresas respons\u00e1veis por operar as pra\u00e7as de ped\u00e1gio disponibilizarem aos usu\u00e1rios a op\u00e7\u00e3o de pagar a tarifa usando o PIX ou outros meios de pagamento semiautom\u00e1tico.<\/p>\n\n\n\n<p>Segundo o minist\u00e9rio, a medida visa a reduzir as filas e facilitar a vida dos motoristas, garantindo a efici\u00eancia e a praticidade na cobran\u00e7a das tarifas.<\/p>\n\n\n\n<p>\u201cPublicamos nesta manh\u00e3, no DOU [Di\u00e1rio Oficial], a portaria que regulamenta o pagamento por PIX em todas as pra\u00e7as [de ped\u00e1gio] do pa\u00eds. A medida visa garantir a efici\u00eancia e encurtar o tempo de parada, al\u00e9m de promover praticidade na cobran\u00e7a, facilitando para os motoristas\u201d,\u00a0escreveu\u00a0o ministro Renan Filho em uma rede social.<\/p>\n\n\n\n<p>Fonte: Ag\u00eancia Brasil \/ Foto: Reprodu\u00e7\u00e3o<\/p>\n","protected":false},"excerpt":{"rendered":"<p>O Minist\u00e9rio dos Transportes publicou no Di\u00e1rio Oficial da Uni\u00e3o (DOU) desta sexta-feira (8) portaria instituindo a pol\u00edtica de incentivo \u00e0 diversifica\u00e7\u00e3o dos meios de pagamento de ped\u00e1gios em rodovias federais administradas por concession\u00e1rias privadas.&nbsp;A medida entrar\u00e1 em vigor em 90 dias. Assinada pelo ministro Renan Filho, dos Transportes, a\u00a0Portaria n\u00b0 241\u00a0estabelece a obrigatoriedade de &hellip; <\/p>\n","protected":false},"author":1,"featured_media":29612,"comment_status":"open","ping_status":"open","sticky":false,"template":"","format":"standard","meta":{"footnotes":""},"categories":[4],"tags":[],"class_list":["post-35492","post","type-post","status-publish","format-standard","has-post-thumbnail","hentry","category-noticias"],"_links":{"self":[{"href":"https:\/\/radioimprensa.com.br\/index.php\/wp-json\/wp\/v2\/posts\/35492","targetHints":{"allow":["GET"]}}],"collection":[{"href":"https:\/\/radioimprensa.com.br\/index.php\/wp-json\/wp\/v2\/posts"}],"about":[{"href":"https:\/\/radioimprensa.com.br\/index.php\/wp-json\/wp\/v2\/types\/post"}],"author":[{"embeddable":true,"href":"https:\/\/radioimprensa.com.br\/index.php\/wp-json\/wp\/v2\/users\/1"}],"replies":[{"embeddable":true,"href":"https:\/\/radioimprensa.com.br\/index.php\/wp-json\/wp\/v2\/comments?post=35492"}],"version-history":[{"count":1,"href":"https:\/\/radioimprensa.com.br\/index.php\/wp-json\/wp\/v2\/posts\/35492\/revisions"}],"predecessor-version":[{"id":35493,"href":"https:\/\/radioimprensa.com.br\/index.php\/wp-json\/wp\/v2\/posts\/35492\/revisions\/35493"}],"wp:featuredmedia":[{"embeddable":true,"href":"https:\/\/radioimprensa.com.br\/index.php\/wp-json\/wp\/v2\/media\/29612"}],"wp:attachment":[{"href":"https:\/\/radioimprensa.com.br\/index.php\/wp-json\/wp\/v2\/media?parent=35492"}],"wp:term":[{"taxonomy":"category","embeddable":true,"href":"https:\/\/radioimprensa.com.br\/index.php\/wp-json\/wp\/v2\/categories?post=35492"},{"taxonomy":"post_tag","embeddable":true,"href":"https:\/\/radioimprensa.com.br\/index.php\/wp-json\/wp\/v2\/tags?post=35492"}],"curies":[{"name":"wp","href":"https:\/\/api.w.org\/{rel}","templated":true}]}}