{"id":35502,"date":"2024-03-12T10:39:37","date_gmt":"2024-03-12T13:39:37","guid":{"rendered":"https:\/\/radioimprensa.com.br\/?p=35502"},"modified":"2024-03-12T10:39:40","modified_gmt":"2024-03-12T13:39:40","slug":"receita-antecipou-liberacao-de-programa-gerador-do-ir-2024","status":"publish","type":"post","link":"https:\/\/radioimprensa.com.br\/index.php\/2024\/03\/12\/receita-antecipou-liberacao-de-programa-gerador-do-ir-2024\/","title":{"rendered":"Receita antecipou libera\u00e7\u00e3o de programa gerador do IR 2024"},"content":{"rendered":"\n<p>O contribuinte que quiser preencher antecipadamente a Declara\u00e7\u00e3o do Imposto de Renda Pessoa F\u00edsica 2024 poder\u00e1 baixar o programa gerador a partir desta ter\u00e7a-feira (12). A Receita Federal antecipou a libera\u00e7\u00e3o do programa, que inicialmente s\u00f3 seria baixado a partir de sexta-feira (15).<img decoding=\"async\" src=\"https:\/\/agenciabrasil.ebc.com.br\/ebc.png?id=1585201&amp;o=node\"><img decoding=\"async\" src=\"https:\/\/agenciabrasil.ebc.com.br\/ebc.gif?id=1585201&amp;o=node\"><\/p>\n\n\n\n<p>O download antecipado ser\u00e1 poss\u00edvel apenas aos contribuintes com conta n\u00edvel prata e ouro no Portal Gov.br. Os demais ter\u00e3o de esperar at\u00e9 sexta-feira para baixar o programa.<\/p>\n\n\n\n<p>Em nota, o Supervisor Nacional do Programa do Imposto de Renda, Jos\u00e9 Carlos Fonseca, informou que a antecipa\u00e7\u00e3o do acesso ao programa permite ao contribuinte a possibilidade de verificar as informa\u00e7\u00f5es necess\u00e1rias e, se for o caso, levantar documenta\u00e7\u00f5es que porventura sejam necess\u00e1rias.<\/p>\n\n\n\n<p>O prazo de entrega da declara\u00e7\u00e3o do Imposto de Renda come\u00e7a \u00e0s 8h da pr\u00f3xima sexta-feira e vai at\u00e9 as 23h59min59s de 31 de maio. Neste ano, o Fisco espera receber 43 milh\u00f5es de declara\u00e7\u00f5es, contra 41.151.515 entregues em 2023.<\/p>\n\n\n\n<p>A declara\u00e7\u00e3o deste ano\u00a0teve algumas mudan\u00e7as. Por causa do novo limite de isen\u00e7\u00e3o, que entrou em vigor no ano passado, os valores de rendimentos isentos e n\u00e3o tribut\u00e1veis e de patrim\u00f4nio m\u00ednimo para declarar Imposto de Renda subiram . No entanto, os limites de dedu\u00e7\u00f5es n\u00e3o mudaram.<\/p>\n\n\n\n<p>Fonte: Ag\u00eancia Brasil \/ Foto: Divulga\u00e7\u00e3o<\/p>\n","protected":false},"excerpt":{"rendered":"<p>O contribuinte que quiser preencher antecipadamente a Declara\u00e7\u00e3o do Imposto de Renda Pessoa F\u00edsica 2024 poder\u00e1 baixar o programa gerador a partir desta ter\u00e7a-feira (12). A Receita Federal antecipou a libera\u00e7\u00e3o do programa, que inicialmente s\u00f3 seria baixado a partir de sexta-feira (15). O download antecipado ser\u00e1 poss\u00edvel apenas aos contribuintes com conta n\u00edvel prata &hellip; <\/p>\n","protected":false},"author":1,"featured_media":19766,"comment_status":"open","ping_status":"open","sticky":false,"template":"","format":"standard","meta":{"footnotes":""},"categories":[4],"tags":[],"class_list":["post-35502","post","type-post","status-publish","format-standard","has-post-thumbnail","hentry","category-noticias"],"_links":{"self":[{"href":"https:\/\/radioimprensa.com.br\/index.php\/wp-json\/wp\/v2\/posts\/35502","targetHints":{"allow":["GET"]}}],"collection":[{"href":"https:\/\/radioimprensa.com.br\/index.php\/wp-json\/wp\/v2\/posts"}],"about":[{"href":"https:\/\/radioimprensa.com.br\/index.php\/wp-json\/wp\/v2\/types\/post"}],"author":[{"embeddable":true,"href":"https:\/\/radioimprensa.com.br\/index.php\/wp-json\/wp\/v2\/users\/1"}],"replies":[{"embeddable":true,"href":"https:\/\/radioimprensa.com.br\/index.php\/wp-json\/wp\/v2\/comments?post=35502"}],"version-history":[{"count":1,"href":"https:\/\/radioimprensa.com.br\/index.php\/wp-json\/wp\/v2\/posts\/35502\/revisions"}],"predecessor-version":[{"id":35503,"href":"https:\/\/radioimprensa.com.br\/index.php\/wp-json\/wp\/v2\/posts\/35502\/revisions\/35503"}],"wp:featuredmedia":[{"embeddable":true,"href":"https:\/\/radioimprensa.com.br\/index.php\/wp-json\/wp\/v2\/media\/19766"}],"wp:attachment":[{"href":"https:\/\/radioimprensa.com.br\/index.php\/wp-json\/wp\/v2\/media?parent=35502"}],"wp:term":[{"taxonomy":"category","embeddable":true,"href":"https:\/\/radioimprensa.com.br\/index.php\/wp-json\/wp\/v2\/categories?post=35502"},{"taxonomy":"post_tag","embeddable":true,"href":"https:\/\/radioimprensa.com.br\/index.php\/wp-json\/wp\/v2\/tags?post=35502"}],"curies":[{"name":"wp","href":"https:\/\/api.w.org\/{rel}","templated":true}]}}