{"id":35506,"date":"2024-03-13T10:58:34","date_gmt":"2024-03-13T13:58:34","guid":{"rendered":"https:\/\/radioimprensa.com.br\/?p=35506"},"modified":"2024-03-13T10:58:36","modified_gmt":"2024-03-13T13:58:36","slug":"deputados-aprovam-ideia-de-ampliacao-da-faixa-de-isencao-do-imposto-de-renda","status":"publish","type":"post","link":"https:\/\/radioimprensa.com.br\/index.php\/2024\/03\/13\/deputados-aprovam-ideia-de-ampliacao-da-faixa-de-isencao-do-imposto-de-renda\/","title":{"rendered":"Deputados aprovam ideia de amplia\u00e7\u00e3o da faixa de isen\u00e7\u00e3o do Imposto de Renda"},"content":{"rendered":"\n<p>A C\u00e2mara aprovou o projeto de lei que amplia a faixa de isen\u00e7\u00e3o da cobran\u00e7a do Imposto de Renda (IR) para beneficiar quem ganha at\u00e9 dois sal\u00e1rios m\u00ednimos, o que hoje equivale a R$ 2.824 por m\u00eas. O texto, ent\u00e3o, ser\u00e1 encaminhado para an\u00e1lise do Senado.<\/p>\n\n\n\n<p>A proposta tramitou em regime de urg\u00eancia para que pudesse pular etapas como a an\u00e1lise em comiss\u00f5es e ser aprovada de forma mais r\u00e1pida no plen\u00e1rio. O conte\u00fado \u00e9 o mesmo de uma medida provis\u00f3ria editada pelo presidente Luiz In\u00e1cio Lula da Silva em 6 de fevereiro. Devido ao efeito imediato da MP, o benef\u00edcio j\u00e1 est\u00e1 em vigor.<\/p>\n\n\n\n<p>A nova tabela isenta 15,8 milh\u00f5es de brasileiros do IR, segundo o Minist\u00e9rio da Fazenda. A pasta estima uma redu\u00e7\u00e3o de receitas de R$ 3,03 bilh\u00f5es em 2024, R$ 3,53 bilh\u00f5es em 2025 e R$ 3,77 bilh\u00f5es em 2026<a href=\"https:\/\/www.terra.com.br\/economia\/imposto-de-renda\/camara-aprova-projeto-que-amplia-isencao-do-ir-para-quem-ganha-ate-r-2824-por-mes,3a01b1750e86a93aedbcacc45dae4bc0m6pxjr5d.html?utm_source=clipboard\">.<\/a><\/p>\n\n\n\n<p>Fonte: Terra \/ Foto: Reprodu\u00e7\u00e3o<\/p>\n","protected":false},"excerpt":{"rendered":"<p>A C\u00e2mara aprovou o projeto de lei que amplia a faixa de isen\u00e7\u00e3o da cobran\u00e7a do Imposto de Renda (IR) para beneficiar quem ganha at\u00e9 dois sal\u00e1rios m\u00ednimos, o que hoje equivale a R$ 2.824 por m\u00eas. O texto, ent\u00e3o, ser\u00e1 encaminhado para an\u00e1lise do Senado. A proposta tramitou em regime de urg\u00eancia para que &hellip; <\/p>\n","protected":false},"author":1,"featured_media":17649,"comment_status":"open","ping_status":"open","sticky":false,"template":"","format":"standard","meta":{"footnotes":""},"categories":[4],"tags":[],"class_list":["post-35506","post","type-post","status-publish","format-standard","has-post-thumbnail","hentry","category-noticias"],"_links":{"self":[{"href":"https:\/\/radioimprensa.com.br\/index.php\/wp-json\/wp\/v2\/posts\/35506","targetHints":{"allow":["GET"]}}],"collection":[{"href":"https:\/\/radioimprensa.com.br\/index.php\/wp-json\/wp\/v2\/posts"}],"about":[{"href":"https:\/\/radioimprensa.com.br\/index.php\/wp-json\/wp\/v2\/types\/post"}],"author":[{"embeddable":true,"href":"https:\/\/radioimprensa.com.br\/index.php\/wp-json\/wp\/v2\/users\/1"}],"replies":[{"embeddable":true,"href":"https:\/\/radioimprensa.com.br\/index.php\/wp-json\/wp\/v2\/comments?post=35506"}],"version-history":[{"count":1,"href":"https:\/\/radioimprensa.com.br\/index.php\/wp-json\/wp\/v2\/posts\/35506\/revisions"}],"predecessor-version":[{"id":35507,"href":"https:\/\/radioimprensa.com.br\/index.php\/wp-json\/wp\/v2\/posts\/35506\/revisions\/35507"}],"wp:featuredmedia":[{"embeddable":true,"href":"https:\/\/radioimprensa.com.br\/index.php\/wp-json\/wp\/v2\/media\/17649"}],"wp:attachment":[{"href":"https:\/\/radioimprensa.com.br\/index.php\/wp-json\/wp\/v2\/media?parent=35506"}],"wp:term":[{"taxonomy":"category","embeddable":true,"href":"https:\/\/radioimprensa.com.br\/index.php\/wp-json\/wp\/v2\/categories?post=35506"},{"taxonomy":"post_tag","embeddable":true,"href":"https:\/\/radioimprensa.com.br\/index.php\/wp-json\/wp\/v2\/tags?post=35506"}],"curies":[{"name":"wp","href":"https:\/\/api.w.org\/{rel}","templated":true}]}}