{"id":35508,"date":"2024-03-13T11:01:03","date_gmt":"2024-03-13T14:01:03","guid":{"rendered":"https:\/\/radioimprensa.com.br\/?p=35508"},"modified":"2024-03-13T11:01:04","modified_gmt":"2024-03-13T14:01:04","slug":"governo-antecipara-decimo-terceiro-de-aposentados-e-pensionistas","status":"publish","type":"post","link":"https:\/\/radioimprensa.com.br\/index.php\/2024\/03\/13\/governo-antecipara-decimo-terceiro-de-aposentados-e-pensionistas\/","title":{"rendered":"Governo antecipar\u00e1 d\u00e9cimo terceiro de aposentados e pensionistas"},"content":{"rendered":"\n<p>Decreto assinado pelo presidente Luiz In\u00e1cio Lula da Silva e publicado nesta quarta-feira (13) no\u00a0Di\u00e1rio Oficial da Uni\u00e3o\u00a0antecipa o pagamento do abono anual a aposentados e pensionistas, conhecido como d\u00e9cimo terceiro sal\u00e1rio de benefici\u00e1rios do Instituto Nacional do Seguro Social (INSS).<img decoding=\"async\" src=\"https:\/\/agenciabrasil.ebc.com.br\/ebc.png?id=1585445&amp;o=node\"><img decoding=\"async\" src=\"https:\/\/agenciabrasil.ebc.com.br\/ebc.gif?id=1585445&amp;o=node\"><\/p>\n\n\n\n<p>De acordo com o texto, a primeira&nbsp;parcela do abono anual ser\u00e1 paga na folha de abril e a segunda&nbsp;na folha de maio. T\u00eam direito ao benef\u00edcio segurados e dependentes da Previd\u00eancia Social que, durante o ano de 2024, tenham recebido aux\u00edlio por incapacidade tempor\u00e1ria, aux\u00edlio-acidente, aposentadoria, pens\u00e3o por morte ou aux\u00edlio-reclus\u00e3o.<\/p>\n\n\n\n<p>\u201cNa hip\u00f3tese de cessa\u00e7\u00e3o programada do benef\u00edcio antes de 31 de dezembro de 2024, ser\u00e1 pago o valor proporcional do abono anual ao benefici\u00e1rio\u201d, destaca\u00a0a publica\u00e7\u00e3o.<\/p>\n\n\n\n<p>Fonte: Ag\u00eancia Brasil \/ Foto: Reprodu\u00e7\u00e3o via Shutterstock<\/p>\n","protected":false},"excerpt":{"rendered":"<p>Decreto assinado pelo presidente Luiz In\u00e1cio Lula da Silva e publicado nesta quarta-feira (13) no\u00a0Di\u00e1rio Oficial da Uni\u00e3o\u00a0antecipa o pagamento do abono anual a aposentados e pensionistas, conhecido como d\u00e9cimo terceiro sal\u00e1rio de benefici\u00e1rios do Instituto Nacional do Seguro Social (INSS). De acordo com o texto, a primeira&nbsp;parcela do abono anual ser\u00e1 paga na folha &hellip; <\/p>\n","protected":false},"author":1,"featured_media":17002,"comment_status":"open","ping_status":"open","sticky":false,"template":"","format":"standard","meta":{"footnotes":""},"categories":[4],"tags":[],"class_list":["post-35508","post","type-post","status-publish","format-standard","has-post-thumbnail","hentry","category-noticias"],"_links":{"self":[{"href":"https:\/\/radioimprensa.com.br\/index.php\/wp-json\/wp\/v2\/posts\/35508","targetHints":{"allow":["GET"]}}],"collection":[{"href":"https:\/\/radioimprensa.com.br\/index.php\/wp-json\/wp\/v2\/posts"}],"about":[{"href":"https:\/\/radioimprensa.com.br\/index.php\/wp-json\/wp\/v2\/types\/post"}],"author":[{"embeddable":true,"href":"https:\/\/radioimprensa.com.br\/index.php\/wp-json\/wp\/v2\/users\/1"}],"replies":[{"embeddable":true,"href":"https:\/\/radioimprensa.com.br\/index.php\/wp-json\/wp\/v2\/comments?post=35508"}],"version-history":[{"count":1,"href":"https:\/\/radioimprensa.com.br\/index.php\/wp-json\/wp\/v2\/posts\/35508\/revisions"}],"predecessor-version":[{"id":35509,"href":"https:\/\/radioimprensa.com.br\/index.php\/wp-json\/wp\/v2\/posts\/35508\/revisions\/35509"}],"wp:featuredmedia":[{"embeddable":true,"href":"https:\/\/radioimprensa.com.br\/index.php\/wp-json\/wp\/v2\/media\/17002"}],"wp:attachment":[{"href":"https:\/\/radioimprensa.com.br\/index.php\/wp-json\/wp\/v2\/media?parent=35508"}],"wp:term":[{"taxonomy":"category","embeddable":true,"href":"https:\/\/radioimprensa.com.br\/index.php\/wp-json\/wp\/v2\/categories?post=35508"},{"taxonomy":"post_tag","embeddable":true,"href":"https:\/\/radioimprensa.com.br\/index.php\/wp-json\/wp\/v2\/tags?post=35508"}],"curies":[{"name":"wp","href":"https:\/\/api.w.org\/{rel}","templated":true}]}}