{"id":35510,"date":"2024-03-13T11:05:23","date_gmt":"2024-03-13T14:05:23","guid":{"rendered":"https:\/\/radioimprensa.com.br\/?p=35510"},"modified":"2024-03-13T11:05:25","modified_gmt":"2024-03-13T14:05:25","slug":"guarulhos-leva-vacinacao-contra-a-dengue-a-todas-ubs-da-cidade","status":"publish","type":"post","link":"https:\/\/radioimprensa.com.br\/index.php\/2024\/03\/13\/guarulhos-leva-vacinacao-contra-a-dengue-a-todas-ubs-da-cidade\/","title":{"rendered":"Guarulhos leva vacina\u00e7\u00e3o contra a dengue a todas UBS da cidade"},"content":{"rendered":"\n<p>A partir desta quarta-feira (13) a vacina\u00e7\u00e3o contra a dengue ser\u00e1 estendida a todas as 69 Unidades B\u00e1sicas de Sa\u00fade (UBS) da cidade. A decis\u00e3o da Prefeitura de Guarulhos visa a tornar a imuniza\u00e7\u00e3o de jovens&nbsp;de dez&nbsp;a 14 anos mais acess\u00edvel.<\/p>\n\n\n\n<p>At\u00e9 esta\u00a0ter\u00e7a-feira (12) a vacina estava dispon\u00edvel em 25 polos. Agora, pais ou respons\u00e1veis legais poder\u00e3o levar seus filhos para receber a primeira dose em qualquer UBS, al\u00e9m do Ambulat\u00f3rio da Crian\u00e7a e do Adolescente. Basta apresentar comprovante de endere\u00e7o e documento com foto ou Certid\u00e3o de Nascimento do menor. Ap\u00f3s 90 dias \u00e9 necess\u00e1rio retornar \u00e0 unidade para a\u00a0segunda\u00a0dose.<\/p>\n\n\n\n<p>A vacina Qdenga, que protege contra os quatro sorotipos da dengue, n\u00e3o \u00e9 indicada para pessoas com imunodefici\u00eancia cong\u00eanita ou adquirida, incluindo aquelas em terapias imunossupressoras, com infec\u00e7\u00e3o por HIV sintom\u00e1tica ou com evid\u00eancia de fun\u00e7\u00e3o imunol\u00f3gica comprometida e pessoas com hipersensibilidade \u00e0s subst\u00e2ncias listadas na bula. Tamb\u00e9m est\u00e3o vedadas gestantes e mulheres em fase de amamenta\u00e7\u00e3o.<\/p>\n\n\n\n<p>At\u00e9 o momento Guarulhos imunizou 10.718 pessoas de 111.439 da popula\u00e7\u00e3o-alvo. Os casos confirmados de dengue chegam a 10.897 na cidade, com cinco \u00f3bitos pela doen\u00e7a.<\/p>\n\n\n\n<p><strong>Servi\u00e7o<\/strong><br>Os endere\u00e7os das UBS de Guarulhos podem ser consultados em\u00a0www.guarulhos.sp.gov.br\/unidades-basicas-de-saude-ubs. J\u00e1 o Ambulat\u00f3rio da Crian\u00e7a e do Adolescente est\u00e1 localizado na rua Osvaldo Cruz, 151, Centro.<\/p>\n\n\n\n<p>Fonte: Guarulhos Web \/ Foto: Reprodu\u00e7\u00e3o<\/p>\n","protected":false},"excerpt":{"rendered":"<p>A partir desta quarta-feira (13) a vacina\u00e7\u00e3o contra a dengue ser\u00e1 estendida a todas as 69 Unidades B\u00e1sicas de Sa\u00fade (UBS) da cidade. A decis\u00e3o da Prefeitura de Guarulhos visa a tornar a imuniza\u00e7\u00e3o de jovens&nbsp;de dez&nbsp;a 14 anos mais acess\u00edvel. At\u00e9 esta\u00a0ter\u00e7a-feira (12) a vacina estava dispon\u00edvel em 25 polos. Agora, pais ou respons\u00e1veis &hellip; <\/p>\n","protected":false},"author":1,"featured_media":32754,"comment_status":"open","ping_status":"open","sticky":false,"template":"","format":"standard","meta":{"footnotes":""},"categories":[4],"tags":[],"class_list":["post-35510","post","type-post","status-publish","format-standard","has-post-thumbnail","hentry","category-noticias"],"_links":{"self":[{"href":"https:\/\/radioimprensa.com.br\/index.php\/wp-json\/wp\/v2\/posts\/35510","targetHints":{"allow":["GET"]}}],"collection":[{"href":"https:\/\/radioimprensa.com.br\/index.php\/wp-json\/wp\/v2\/posts"}],"about":[{"href":"https:\/\/radioimprensa.com.br\/index.php\/wp-json\/wp\/v2\/types\/post"}],"author":[{"embeddable":true,"href":"https:\/\/radioimprensa.com.br\/index.php\/wp-json\/wp\/v2\/users\/1"}],"replies":[{"embeddable":true,"href":"https:\/\/radioimprensa.com.br\/index.php\/wp-json\/wp\/v2\/comments?post=35510"}],"version-history":[{"count":1,"href":"https:\/\/radioimprensa.com.br\/index.php\/wp-json\/wp\/v2\/posts\/35510\/revisions"}],"predecessor-version":[{"id":35511,"href":"https:\/\/radioimprensa.com.br\/index.php\/wp-json\/wp\/v2\/posts\/35510\/revisions\/35511"}],"wp:featuredmedia":[{"embeddable":true,"href":"https:\/\/radioimprensa.com.br\/index.php\/wp-json\/wp\/v2\/media\/32754"}],"wp:attachment":[{"href":"https:\/\/radioimprensa.com.br\/index.php\/wp-json\/wp\/v2\/media?parent=35510"}],"wp:term":[{"taxonomy":"category","embeddable":true,"href":"https:\/\/radioimprensa.com.br\/index.php\/wp-json\/wp\/v2\/categories?post=35510"},{"taxonomy":"post_tag","embeddable":true,"href":"https:\/\/radioimprensa.com.br\/index.php\/wp-json\/wp\/v2\/tags?post=35510"}],"curies":[{"name":"wp","href":"https:\/\/api.w.org\/{rel}","templated":true}]}}