{"id":35624,"date":"2024-04-09T11:28:23","date_gmt":"2024-04-09T14:28:23","guid":{"rendered":"https:\/\/radioimprensa.com.br\/?p=35624"},"modified":"2024-04-09T11:28:25","modified_gmt":"2024-04-09T14:28:25","slug":"bc-lancara-moeda-de-r-5-para-comemorar-os-200-anos-da-primeira-constituicao","status":"publish","type":"post","link":"https:\/\/radioimprensa.com.br\/index.php\/2024\/04\/09\/bc-lancara-moeda-de-r-5-para-comemorar-os-200-anos-da-primeira-constituicao\/","title":{"rendered":"BC lan\u00e7ar\u00e1 moeda de R$ 5 para comemorar os 200 anos da primeira Constitui\u00e7\u00e3o"},"content":{"rendered":"\n<p><a href=\"https:\/\/jornalcotiaagora.com.br\/bc-lanca-moeda-de-r-5-para-comemorar-os-200-anos-da-primeira-constituicao\/\"><\/a><\/p>\n\n\n\n<p>O Banco Central lan\u00e7ar\u00e1 nesta quinta-feira (11) uma moeda em comemora\u00e7\u00e3o aos 200 anos da primeira Constitui\u00e7\u00e3o. A moeda comemorativa ser\u00e1 de prata, com valor de face de R$ 5. O lan\u00e7amento \u00e9 uma homenagem do Banco Central ao Poder Legislativo, celebrando o bicenten\u00e1rio da primeira Constitui\u00e7\u00e3o, que implementou o bicameralismo \u2013 em que o Legislativo \u00e9 exercido por duas C\u00e2maras \u2013 com a cria\u00e7\u00e3o da C\u00e2mara dos Deputados e do Senado Federal.<\/p>\n\n\n\n<p>O lan\u00e7amento, que estava previsto inicialmente para mar\u00e7o, foi aprovado em novembro do ano passado pelo CMN (Conselho Monet\u00e1rio Nacional) \u2013 colegiado formado pelos ministros Fernando Haddad (Fazenda), Simone Tebet (Planejamento e Or\u00e7amento) e pelo presidente do BC, Roberto Campos Neto.<\/p>\n\n\n\n<p>A primeira Constitui\u00e7\u00e3o brasileira foi outorgada em 25 de mar\u00e7o de 1824 por D. Pedro 1\u00ba. Destaca-se entre principais medidas do texto o fortalecimento do poder pessoal do imperador, com a cria\u00e7\u00e3o do Poder Moderador, que estava acima dos Poderes Executivo, Legislativo e Judici\u00e1rio.<\/p>\n\n\n\n<p>Fonte: Jornal Cotia Agora (com jornal O Tempo) \/ Foto: Arquivo Ag\u00eancia Brasil<\/p>\n","protected":false},"excerpt":{"rendered":"<p>O Banco Central lan\u00e7ar\u00e1 nesta quinta-feira (11) uma moeda em comemora\u00e7\u00e3o aos 200 anos da primeira Constitui\u00e7\u00e3o. A moeda comemorativa ser\u00e1 de prata, com valor de face de R$ 5. O lan\u00e7amento \u00e9 uma homenagem do Banco Central ao Poder Legislativo, celebrando o bicenten\u00e1rio da primeira Constitui\u00e7\u00e3o, que implementou o bicameralismo \u2013 em que o &hellip; <\/p>\n","protected":false},"author":1,"featured_media":29082,"comment_status":"open","ping_status":"open","sticky":false,"template":"","format":"standard","meta":{"footnotes":""},"categories":[4],"tags":[],"class_list":["post-35624","post","type-post","status-publish","format-standard","has-post-thumbnail","hentry","category-noticias"],"_links":{"self":[{"href":"https:\/\/radioimprensa.com.br\/index.php\/wp-json\/wp\/v2\/posts\/35624","targetHints":{"allow":["GET"]}}],"collection":[{"href":"https:\/\/radioimprensa.com.br\/index.php\/wp-json\/wp\/v2\/posts"}],"about":[{"href":"https:\/\/radioimprensa.com.br\/index.php\/wp-json\/wp\/v2\/types\/post"}],"author":[{"embeddable":true,"href":"https:\/\/radioimprensa.com.br\/index.php\/wp-json\/wp\/v2\/users\/1"}],"replies":[{"embeddable":true,"href":"https:\/\/radioimprensa.com.br\/index.php\/wp-json\/wp\/v2\/comments?post=35624"}],"version-history":[{"count":1,"href":"https:\/\/radioimprensa.com.br\/index.php\/wp-json\/wp\/v2\/posts\/35624\/revisions"}],"predecessor-version":[{"id":35625,"href":"https:\/\/radioimprensa.com.br\/index.php\/wp-json\/wp\/v2\/posts\/35624\/revisions\/35625"}],"wp:featuredmedia":[{"embeddable":true,"href":"https:\/\/radioimprensa.com.br\/index.php\/wp-json\/wp\/v2\/media\/29082"}],"wp:attachment":[{"href":"https:\/\/radioimprensa.com.br\/index.php\/wp-json\/wp\/v2\/media?parent=35624"}],"wp:term":[{"taxonomy":"category","embeddable":true,"href":"https:\/\/radioimprensa.com.br\/index.php\/wp-json\/wp\/v2\/categories?post=35624"},{"taxonomy":"post_tag","embeddable":true,"href":"https:\/\/radioimprensa.com.br\/index.php\/wp-json\/wp\/v2\/tags?post=35624"}],"curies":[{"name":"wp","href":"https:\/\/api.w.org\/{rel}","templated":true}]}}