{"id":35676,"date":"2024-04-19T12:26:19","date_gmt":"2024-04-19T15:26:19","guid":{"rendered":"https:\/\/radioimprensa.com.br\/?p=35676"},"modified":"2024-04-19T12:26:20","modified_gmt":"2024-04-19T15:26:20","slug":"cientistas-da-uerj-identificam-nova-especie-de-dinossauro-que-viveu-na-bahia","status":"publish","type":"post","link":"https:\/\/radioimprensa.com.br\/index.php\/2024\/04\/19\/cientistas-da-uerj-identificam-nova-especie-de-dinossauro-que-viveu-na-bahia\/","title":{"rendered":"Cientistas da Uerj identificam nova esp\u00e9cie de dinossauro que viveu na Bahia"},"content":{"rendered":"\n<p>Um estudo coordenado pela Universidade do Estado do\u00a0Rio de Janeiro\u00a0(Uerj)\u00a0identificou uma nova esp\u00e9cie de dinossauro\u00a0que viveu no Rec\u00f4ncavo Baiano. Segundo a universidade, o trabalho tamb\u00e9m revelou os primeiros ossos de dinossauros descobertos na Am\u00e9rica do Sul, &#8220;proporcionando apontamentos valiosos sobre a fauna pr\u00e9-hist\u00f3rica da regi\u00e3o&#8221;.<\/p>\n\n\n\n<p>O esp\u00e9cime foi batizado como\u00a0Tietasaura derbyiana, em homenagem \u00e0 &#8220;Tieta do Agreste&#8221;, romance do escritor Jorge Amado, e ao ge\u00f3logo e naturalista Orville A. Derby, fundador do Servi\u00e7o Geol\u00f3gico e Mineral\u00f3gico do Brasil e um dos pioneiros da paleontologia brasileira.<\/p>\n\n\n\n<p>A equipe de paleont\u00f3logos, coordenada pelas pesquisadoras Kamila Bandeira e Val\u00e9ria Gallo, ambas do Instituto de Biologia Roberto Alcantara Gomes (Ibrag) da Uerj, analisou f\u00f3sseis coletados entre 1859 e 1906 na Bacia do Rec\u00f4ncavo, unidade geol\u00f3gica localizada no Nordeste do Brasil. Esses materiais eram considerados perdidos, mas foram encontrados recentemente no Museu de Hist\u00f3ria Natural de Londres.<\/p>\n\n\n\n<p>Durante a an\u00e1lise, foi identificada a esp\u00e9cie nova, a primeira no Brasil de um dinossauro do grupo dos ornit\u00edsquios, uma ordem de dinossauros herb\u00edvoros, caracterizados pelo focinho em forma de bico e pela estrutura da p\u00e9lvis que se assemelha \u00e0 das aves.<\/p>\n\n\n\n<p>Os resultados foram publicados neste m\u00eas de abril no peri\u00f3dico cient\u00edfico Historical Biology, fornecendo novas perspectivas sobre a evolu\u00e7\u00e3o e diversifica\u00e7\u00e3o dos dinossauros, al\u00e9m de destacar a necessidade de preservar cole\u00e7\u00f5es hist\u00f3ricas para o avan\u00e7o da ci\u00eancia.<\/p>\n\n\n\n<p>Fonte: G1 \/ Foto: Thales Nascimento, Divulga\u00e7\u00e3o<\/p>\n","protected":false},"excerpt":{"rendered":"<p>Um estudo coordenado pela Universidade do Estado do\u00a0Rio de Janeiro\u00a0(Uerj)\u00a0identificou uma nova esp\u00e9cie de dinossauro\u00a0que viveu no Rec\u00f4ncavo Baiano. Segundo a universidade, o trabalho tamb\u00e9m revelou os primeiros ossos de dinossauros descobertos na Am\u00e9rica do Sul, &#8220;proporcionando apontamentos valiosos sobre a fauna pr\u00e9-hist\u00f3rica da regi\u00e3o&#8221;. O esp\u00e9cime foi batizado como\u00a0Tietasaura derbyiana, em homenagem \u00e0 &#8220;Tieta &hellip; <\/p>\n","protected":false},"author":1,"featured_media":35677,"comment_status":"open","ping_status":"open","sticky":false,"template":"","format":"standard","meta":{"footnotes":""},"categories":[4],"tags":[],"class_list":["post-35676","post","type-post","status-publish","format-standard","has-post-thumbnail","hentry","category-noticias"],"_links":{"self":[{"href":"https:\/\/radioimprensa.com.br\/index.php\/wp-json\/wp\/v2\/posts\/35676","targetHints":{"allow":["GET"]}}],"collection":[{"href":"https:\/\/radioimprensa.com.br\/index.php\/wp-json\/wp\/v2\/posts"}],"about":[{"href":"https:\/\/radioimprensa.com.br\/index.php\/wp-json\/wp\/v2\/types\/post"}],"author":[{"embeddable":true,"href":"https:\/\/radioimprensa.com.br\/index.php\/wp-json\/wp\/v2\/users\/1"}],"replies":[{"embeddable":true,"href":"https:\/\/radioimprensa.com.br\/index.php\/wp-json\/wp\/v2\/comments?post=35676"}],"version-history":[{"count":1,"href":"https:\/\/radioimprensa.com.br\/index.php\/wp-json\/wp\/v2\/posts\/35676\/revisions"}],"predecessor-version":[{"id":35678,"href":"https:\/\/radioimprensa.com.br\/index.php\/wp-json\/wp\/v2\/posts\/35676\/revisions\/35678"}],"wp:featuredmedia":[{"embeddable":true,"href":"https:\/\/radioimprensa.com.br\/index.php\/wp-json\/wp\/v2\/media\/35677"}],"wp:attachment":[{"href":"https:\/\/radioimprensa.com.br\/index.php\/wp-json\/wp\/v2\/media?parent=35676"}],"wp:term":[{"taxonomy":"category","embeddable":true,"href":"https:\/\/radioimprensa.com.br\/index.php\/wp-json\/wp\/v2\/categories?post=35676"},{"taxonomy":"post_tag","embeddable":true,"href":"https:\/\/radioimprensa.com.br\/index.php\/wp-json\/wp\/v2\/tags?post=35676"}],"curies":[{"name":"wp","href":"https:\/\/api.w.org\/{rel}","templated":true}]}}