{"id":35679,"date":"2024-04-22T10:48:30","date_gmt":"2024-04-22T13:48:30","guid":{"rendered":"https:\/\/radioimprensa.com.br\/?p=35679"},"modified":"2024-04-22T10:48:31","modified_gmt":"2024-04-22T13:48:31","slug":"preso-que-fugiu-algemado-da-pf-em-2022-foi-recapturado","status":"publish","type":"post","link":"https:\/\/radioimprensa.com.br\/index.php\/2024\/04\/22\/preso-que-fugiu-algemado-da-pf-em-2022-foi-recapturado\/","title":{"rendered":"Preso que fugiu algemado da PF, em 2022, foi recapturado"},"content":{"rendered":"\n<p>O homem que\u00a0fugiu algemado na sede da Pol\u00edcia Federal\u00a0, em\u00a0Fortaleza, foi recapturado ontem (21), pela For\u00e7a Integrada de Combate ao Crime Organizado do Cear\u00e1 (Ficco), ap\u00f3s\u00a0quase dois anos de busca.<\/p>\n\n\n\n<p>Alan Cl\u00e9ber Nascimento dos Santos, de 26 anos, foi localizado no Bairro Granja Portugal, mesma regi\u00e3o em que foi preso na primeira vez pela PF.<\/p>\n\n\n\n<p>Segundo a Ficco, os agentes cumpriram dois mandados de pris\u00e3o preventiva contra o homem, um por\u00a0introduzir moeda falsa\u00a0em circula\u00e7\u00e3o na sociedade, e pela pr\u00e1tica de\u00a0roubo majorado\u00a0praticado na cidade de Maracana\u00fa, em 2016. Ele tamb\u00e9m responde por tr\u00e1fico de drogas.<\/p>\n\n\n\n<p>A a\u00e7\u00e3o de captura contou com o apoio do Batalh\u00e3o de Opera\u00e7\u00f5es Policiais Especiais (Bope) e da Assessoria de Intelig\u00eancia (Asint), ambos da Pol\u00edcia Militar.<\/p>\n\n\n\n<p>Alan Cl\u00e9ber\u00a0foi preso no dia 26 de abril de 2022, no Bairro Granja Portugal, na capital cearense, no momento em que recebia uma encomenda postal com R$ 3 mil em c\u00e9dulas falsas.<\/p>\n\n\n\n<p>Na ocasi\u00e3o, ele confessou o crime e informou aos agentes que adquiriu as c\u00e9dulas comprando pelas redes sociais.<\/p>\n\n\n\n<p>\u00c0 \u00e9poca, o homem foi levado para a sede da PF, na Avenida Borges de Melo, de onde fugiu no dia 27 de abril, ap\u00f3s a a audi\u00eancia de cust\u00f3dia.<\/p>\n\n\n\n<p>Fonte: G1 \/ Foto: Divulga\u00e7\u00e3o, Pol\u00edcia Federal<\/p>\n","protected":false},"excerpt":{"rendered":"<p>O homem que\u00a0fugiu algemado na sede da Pol\u00edcia Federal\u00a0, em\u00a0Fortaleza, foi recapturado ontem (21), pela For\u00e7a Integrada de Combate ao Crime Organizado do Cear\u00e1 (Ficco), ap\u00f3s\u00a0quase dois anos de busca. Alan Cl\u00e9ber Nascimento dos Santos, de 26 anos, foi localizado no Bairro Granja Portugal, mesma regi\u00e3o em que foi preso na primeira vez pela PF. &hellip; <\/p>\n","protected":false},"author":1,"featured_media":35680,"comment_status":"open","ping_status":"open","sticky":false,"template":"","format":"standard","meta":{"footnotes":""},"categories":[4],"tags":[],"class_list":["post-35679","post","type-post","status-publish","format-standard","has-post-thumbnail","hentry","category-noticias"],"_links":{"self":[{"href":"https:\/\/radioimprensa.com.br\/index.php\/wp-json\/wp\/v2\/posts\/35679","targetHints":{"allow":["GET"]}}],"collection":[{"href":"https:\/\/radioimprensa.com.br\/index.php\/wp-json\/wp\/v2\/posts"}],"about":[{"href":"https:\/\/radioimprensa.com.br\/index.php\/wp-json\/wp\/v2\/types\/post"}],"author":[{"embeddable":true,"href":"https:\/\/radioimprensa.com.br\/index.php\/wp-json\/wp\/v2\/users\/1"}],"replies":[{"embeddable":true,"href":"https:\/\/radioimprensa.com.br\/index.php\/wp-json\/wp\/v2\/comments?post=35679"}],"version-history":[{"count":1,"href":"https:\/\/radioimprensa.com.br\/index.php\/wp-json\/wp\/v2\/posts\/35679\/revisions"}],"predecessor-version":[{"id":35681,"href":"https:\/\/radioimprensa.com.br\/index.php\/wp-json\/wp\/v2\/posts\/35679\/revisions\/35681"}],"wp:featuredmedia":[{"embeddable":true,"href":"https:\/\/radioimprensa.com.br\/index.php\/wp-json\/wp\/v2\/media\/35680"}],"wp:attachment":[{"href":"https:\/\/radioimprensa.com.br\/index.php\/wp-json\/wp\/v2\/media?parent=35679"}],"wp:term":[{"taxonomy":"category","embeddable":true,"href":"https:\/\/radioimprensa.com.br\/index.php\/wp-json\/wp\/v2\/categories?post=35679"},{"taxonomy":"post_tag","embeddable":true,"href":"https:\/\/radioimprensa.com.br\/index.php\/wp-json\/wp\/v2\/tags?post=35679"}],"curies":[{"name":"wp","href":"https:\/\/api.w.org\/{rel}","templated":true}]}}