{"id":35720,"date":"2024-04-29T11:24:58","date_gmt":"2024-04-29T14:24:58","guid":{"rendered":"https:\/\/radioimprensa.com.br\/?p=35720"},"modified":"2024-04-29T11:24:59","modified_gmt":"2024-04-29T14:24:59","slug":"teto-de-casa-de-shows-desaba-e-deixa-mais-de-40-feridos","status":"publish","type":"post","link":"https:\/\/radioimprensa.com.br\/index.php\/2024\/04\/29\/teto-de-casa-de-shows-desaba-e-deixa-mais-de-40-feridos\/","title":{"rendered":"Teto de casa de shows desaba e deixa mais de 40 feridos"},"content":{"rendered":"\n<p>Parte da estrutura do teto do palco de uma casa de shows em Jo\u00e3o Pessoa, capital da Para\u00edba, desabou na noite deste ontem (28) e deixou dezenas de feridos durante um evento.\u00a0<\/p>\n\n\n\n<p>A queda aconteceu na hora de uma apresenta\u00e7\u00e3o. Chovia bastante e ventava forte no momento, mas o Corpo de Bombeiros n\u00e3o confirmou se foi esse o motivo do desabamento.<\/p>\n\n\n\n<p>Segundo as autoridades, 22 mulheres e 22 homens ficaram feridos, alguns com fraturas, mas ningu\u00e9m em estado grave.<\/p>\n\n\n\n<p>Fonte: band.uol.com.br \/ Foto: Reprodu\u00e7\u00e3o<\/p>\n\n\n\n<p><a href=\"https:\/\/api.whatsapp.com\/send?text=teto%20de%20casa%20de%20shows%20desaba%20e%20deixa%20mais%20de%2040%20feridos%20em%20joao%20pessoa%20https:\/\/www.band.uol.com.br\/noticias\/bora-brasil\/ultimas\/teto-de-casa-de-shows-desaba-e-deixa-mais-de-40-feridos-em-joao-pessoa-16685356\" target=\"_blank\" rel=\"noreferrer noopener\"><\/a><\/p>\n","protected":false},"excerpt":{"rendered":"<p>Parte da estrutura do teto do palco de uma casa de shows em Jo\u00e3o Pessoa, capital da Para\u00edba, desabou na noite deste ontem (28) e deixou dezenas de feridos durante um evento.\u00a0 A queda aconteceu na hora de uma apresenta\u00e7\u00e3o. Chovia bastante e ventava forte no momento, mas o Corpo de Bombeiros n\u00e3o confirmou se &hellip; <\/p>\n","protected":false},"author":1,"featured_media":35721,"comment_status":"open","ping_status":"open","sticky":false,"template":"","format":"standard","meta":{"footnotes":""},"categories":[4],"tags":[],"class_list":["post-35720","post","type-post","status-publish","format-standard","has-post-thumbnail","hentry","category-noticias"],"_links":{"self":[{"href":"https:\/\/radioimprensa.com.br\/index.php\/wp-json\/wp\/v2\/posts\/35720","targetHints":{"allow":["GET"]}}],"collection":[{"href":"https:\/\/radioimprensa.com.br\/index.php\/wp-json\/wp\/v2\/posts"}],"about":[{"href":"https:\/\/radioimprensa.com.br\/index.php\/wp-json\/wp\/v2\/types\/post"}],"author":[{"embeddable":true,"href":"https:\/\/radioimprensa.com.br\/index.php\/wp-json\/wp\/v2\/users\/1"}],"replies":[{"embeddable":true,"href":"https:\/\/radioimprensa.com.br\/index.php\/wp-json\/wp\/v2\/comments?post=35720"}],"version-history":[{"count":1,"href":"https:\/\/radioimprensa.com.br\/index.php\/wp-json\/wp\/v2\/posts\/35720\/revisions"}],"predecessor-version":[{"id":35722,"href":"https:\/\/radioimprensa.com.br\/index.php\/wp-json\/wp\/v2\/posts\/35720\/revisions\/35722"}],"wp:featuredmedia":[{"embeddable":true,"href":"https:\/\/radioimprensa.com.br\/index.php\/wp-json\/wp\/v2\/media\/35721"}],"wp:attachment":[{"href":"https:\/\/radioimprensa.com.br\/index.php\/wp-json\/wp\/v2\/media?parent=35720"}],"wp:term":[{"taxonomy":"category","embeddable":true,"href":"https:\/\/radioimprensa.com.br\/index.php\/wp-json\/wp\/v2\/categories?post=35720"},{"taxonomy":"post_tag","embeddable":true,"href":"https:\/\/radioimprensa.com.br\/index.php\/wp-json\/wp\/v2\/tags?post=35720"}],"curies":[{"name":"wp","href":"https:\/\/api.w.org\/{rel}","templated":true}]}}