{"id":35742,"date":"2024-05-04T10:48:26","date_gmt":"2024-05-04T13:48:26","guid":{"rendered":"https:\/\/radioimprensa.com.br\/?p=35742"},"modified":"2024-05-04T10:48:27","modified_gmt":"2024-05-04T13:48:27","slug":"carapicuiba-libera-taxa-de-licenca-com-desconto-de-10","status":"publish","type":"post","link":"https:\/\/radioimprensa.com.br\/index.php\/2024\/05\/04\/carapicuiba-libera-taxa-de-licenca-com-desconto-de-10\/","title":{"rendered":"Carapicu\u00edba libera Taxa de Licen\u00e7a com desconto de 10%"},"content":{"rendered":"\n<p>A Secretaria de Receita e Rendas de Carapicu\u00edba liberou para todos os propriet\u00e1rios de com\u00e9rcios, ind\u00fastrias, prestadores de servi\u00e7os e demais contribuintes inscritos, o lan\u00e7amento da Taxa de Licen\u00e7a de Localiza\u00e7\u00e3o e Funcionamento de 2024. E s\u00e3o as seguintes: licen\u00e7a, hor\u00e1rio especial, publicidade, remo\u00e7\u00e3o de lixo, de uso do solo e ISSQN fixo.<\/p>\n\n\n\n<p>Os lan\u00e7amentos e a segunda via est\u00e3o dispon\u00edveis no portal Cidad\u00e3o Online:\u00a0<em>https:\/\/cutt.ly\/Lnfp5MF<\/em>, no Facilita Digital\u00a0<em>https:\/\/encurtador.com.br\/bBQY4<\/em>\u00a0ou na Secretaria de Receita e Rendas, localizada no pr\u00e9dio administrativo da Prefeitura, Rua Joaquim das Neves, 211, Vila Caldas. O hor\u00e1rio de atendimento \u00e9 de segunda a sexta-feira das 8 \u00e0s 17 horas, lembrando que o agendamento pode ser realizado pelo Facilita Digital para evitar filas.<\/p>\n\n\n\n<p>At\u00e9 20 de maio os contribuintes ter\u00e3o um desconto de 10%. J\u00e1 quem quitar at\u00e9 12 de junho ter\u00e1 um desconto de 5%. Eles tamb\u00e9m podem apresentar altera\u00e7\u00e3o cadastral ou pedido de revis\u00e3o do lan\u00e7amento da Taxa de Licen\u00e7a de Localiza\u00e7\u00e3o e Funcionamento de 2024 at\u00e9 a data de vencimento da primeira parcela, 12 de junho, conforme estabelecido pelo Calend\u00e1rio de Recolhimento dos Tributos do Munic\u00edpios de Carapicu\u00edba.<\/p>\n\n\n\n<p>Fonte: Jornal Cotia Agora \/ Foto: Reprodu\u00e7\u00e3o<\/p>\n\n\n\n<p><a href=\"https:\/\/jornalcotiaagora.com.br\/prefeitura-de-carapicuiba-libera-taxa-de-licenca-com-desconto-de-10\/\"><\/a><\/p>\n","protected":false},"excerpt":{"rendered":"<p>A Secretaria de Receita e Rendas de Carapicu\u00edba liberou para todos os propriet\u00e1rios de com\u00e9rcios, ind\u00fastrias, prestadores de servi\u00e7os e demais contribuintes inscritos, o lan\u00e7amento da Taxa de Licen\u00e7a de Localiza\u00e7\u00e3o e Funcionamento de 2024. E s\u00e3o as seguintes: licen\u00e7a, hor\u00e1rio especial, publicidade, remo\u00e7\u00e3o de lixo, de uso do solo e ISSQN fixo. Os lan\u00e7amentos &hellip; <\/p>\n","protected":false},"author":1,"featured_media":35743,"comment_status":"open","ping_status":"open","sticky":false,"template":"","format":"standard","meta":{"footnotes":""},"categories":[4],"tags":[],"class_list":["post-35742","post","type-post","status-publish","format-standard","has-post-thumbnail","hentry","category-noticias"],"_links":{"self":[{"href":"https:\/\/radioimprensa.com.br\/index.php\/wp-json\/wp\/v2\/posts\/35742","targetHints":{"allow":["GET"]}}],"collection":[{"href":"https:\/\/radioimprensa.com.br\/index.php\/wp-json\/wp\/v2\/posts"}],"about":[{"href":"https:\/\/radioimprensa.com.br\/index.php\/wp-json\/wp\/v2\/types\/post"}],"author":[{"embeddable":true,"href":"https:\/\/radioimprensa.com.br\/index.php\/wp-json\/wp\/v2\/users\/1"}],"replies":[{"embeddable":true,"href":"https:\/\/radioimprensa.com.br\/index.php\/wp-json\/wp\/v2\/comments?post=35742"}],"version-history":[{"count":1,"href":"https:\/\/radioimprensa.com.br\/index.php\/wp-json\/wp\/v2\/posts\/35742\/revisions"}],"predecessor-version":[{"id":35744,"href":"https:\/\/radioimprensa.com.br\/index.php\/wp-json\/wp\/v2\/posts\/35742\/revisions\/35744"}],"wp:featuredmedia":[{"embeddable":true,"href":"https:\/\/radioimprensa.com.br\/index.php\/wp-json\/wp\/v2\/media\/35743"}],"wp:attachment":[{"href":"https:\/\/radioimprensa.com.br\/index.php\/wp-json\/wp\/v2\/media?parent=35742"}],"wp:term":[{"taxonomy":"category","embeddable":true,"href":"https:\/\/radioimprensa.com.br\/index.php\/wp-json\/wp\/v2\/categories?post=35742"},{"taxonomy":"post_tag","embeddable":true,"href":"https:\/\/radioimprensa.com.br\/index.php\/wp-json\/wp\/v2\/tags?post=35742"}],"curies":[{"name":"wp","href":"https:\/\/api.w.org\/{rel}","templated":true}]}}