{"id":35783,"date":"2024-05-16T11:28:49","date_gmt":"2024-05-16T14:28:49","guid":{"rendered":"https:\/\/radioimprensa.com.br\/?p=35783"},"modified":"2024-05-16T11:28:51","modified_gmt":"2024-05-16T14:28:51","slug":"narrador-silvio-luiz-de-89-anos-faleceu-nesta-quinta-feira","status":"publish","type":"post","link":"https:\/\/radioimprensa.com.br\/index.php\/2024\/05\/16\/narrador-silvio-luiz-de-89-anos-faleceu-nesta-quinta-feira\/","title":{"rendered":"Narrador Silvio Luiz, de 89 anos, faleceu nesta quinta-feira"},"content":{"rendered":"\n<p>Morreu Silvio Luiz, de 89 anos, na manh\u00e3 desta quinta-feira, 16, em S\u00e3o Paulo. A informa\u00e7\u00e3o foi confirmada pelo Hospital Oswaldo Cruz, localizado na regi\u00e3o central da Capital. O narrador esportivo estava em ventila\u00e7\u00e3o assistida, na Unidade de Terapia Intensiva. Ele foi hospitalizado (pela segunda vez em poucas semanas) no in\u00edcio do m\u00eas, em 8 de maio.\u00a0<\/p>\n\n\n\n<p>&#8220;O Hospital Alem\u00e3o Oswaldo Cruz informa que o paciente, Sr. Sylvio Luiz, 89, faleceu \u00e0s 9h40, em decorr\u00eancia de fal\u00eancia de m\u00faltiplos \u00f3rg\u00e3os. O narrador esportivo e jornalista estava internado na UTI (Unidade de Terapia Intensiva). O Hospital lamenta o falecimento, a dire\u00e7\u00e3o, equipe m\u00e9dica e assistencial se solidarizam com os familiares e amigos neste momento de dor&#8221;, diz o comunicado.<\/p>\n\n\n\n<p>Silvio Luiz foi internado primeiramente no dia 7 de abril ap\u00f3s passar mal durante uma transmiss\u00e3o da final do Campeonato Paulista, em uma partida entre Palmeiras e Santos. \u00c0 situa\u00e7\u00e3o, ele comentava a partida para o canal digital da Record TV ao lado dos humoristas\u00a0Bola\u00a0e\u00a0Carioca, quando teve dificuldades para falar e foi socorrido. Levado ao hospital, ele ficou internado at\u00e9 o dia 30 de abril, quando teve alta. Na \u00e9poca, a Record informou que o narrador teve uma indisposi\u00e7\u00e3o durante a transmiss\u00e3o.<\/p>\n\n\n\n<p>Fonte: Terra \/ Foto: Reprodu\u00e7\u00e3o<\/p>\n","protected":false},"excerpt":{"rendered":"<p>Morreu Silvio Luiz, de 89 anos, na manh\u00e3 desta quinta-feira, 16, em S\u00e3o Paulo. A informa\u00e7\u00e3o foi confirmada pelo Hospital Oswaldo Cruz, localizado na regi\u00e3o central da Capital. O narrador esportivo estava em ventila\u00e7\u00e3o assistida, na Unidade de Terapia Intensiva. Ele foi hospitalizado (pela segunda vez em poucas semanas) no in\u00edcio do m\u00eas, em 8 &hellip; <\/p>\n","protected":false},"author":1,"featured_media":35784,"comment_status":"open","ping_status":"open","sticky":false,"template":"","format":"standard","meta":{"footnotes":""},"categories":[4],"tags":[],"class_list":["post-35783","post","type-post","status-publish","format-standard","has-post-thumbnail","hentry","category-noticias"],"_links":{"self":[{"href":"https:\/\/radioimprensa.com.br\/index.php\/wp-json\/wp\/v2\/posts\/35783","targetHints":{"allow":["GET"]}}],"collection":[{"href":"https:\/\/radioimprensa.com.br\/index.php\/wp-json\/wp\/v2\/posts"}],"about":[{"href":"https:\/\/radioimprensa.com.br\/index.php\/wp-json\/wp\/v2\/types\/post"}],"author":[{"embeddable":true,"href":"https:\/\/radioimprensa.com.br\/index.php\/wp-json\/wp\/v2\/users\/1"}],"replies":[{"embeddable":true,"href":"https:\/\/radioimprensa.com.br\/index.php\/wp-json\/wp\/v2\/comments?post=35783"}],"version-history":[{"count":1,"href":"https:\/\/radioimprensa.com.br\/index.php\/wp-json\/wp\/v2\/posts\/35783\/revisions"}],"predecessor-version":[{"id":35785,"href":"https:\/\/radioimprensa.com.br\/index.php\/wp-json\/wp\/v2\/posts\/35783\/revisions\/35785"}],"wp:featuredmedia":[{"embeddable":true,"href":"https:\/\/radioimprensa.com.br\/index.php\/wp-json\/wp\/v2\/media\/35784"}],"wp:attachment":[{"href":"https:\/\/radioimprensa.com.br\/index.php\/wp-json\/wp\/v2\/media?parent=35783"}],"wp:term":[{"taxonomy":"category","embeddable":true,"href":"https:\/\/radioimprensa.com.br\/index.php\/wp-json\/wp\/v2\/categories?post=35783"},{"taxonomy":"post_tag","embeddable":true,"href":"https:\/\/radioimprensa.com.br\/index.php\/wp-json\/wp\/v2\/tags?post=35783"}],"curies":[{"name":"wp","href":"https:\/\/api.w.org\/{rel}","templated":true}]}}