{"id":35788,"date":"2024-05-18T08:15:47","date_gmt":"2024-05-18T11:15:47","guid":{"rendered":"https:\/\/radioimprensa.com.br\/?p=35788"},"modified":"2024-05-18T08:15:49","modified_gmt":"2024-05-18T11:15:49","slug":"bombas-da-sabesp-comecam-a-operar-em-canoas","status":"publish","type":"post","link":"https:\/\/radioimprensa.com.br\/index.php\/2024\/05\/18\/bombas-da-sabesp-comecam-a-operar-em-canoas\/","title":{"rendered":"Bombas da Sabesp come\u00e7am a operar em Canoas"},"content":{"rendered":"\n<p>As primeiras\u00a0bombas de \u00e1gua\u00a0enviadas pela Companhia de Saneamento B\u00e1sico de S\u00e3o Paulo (Sabesp) chegaram ao Rio Grande do Sul nesta sexta-feira (17). Os equipamentos,\u00a0utilizados para acelerar o escoamento de \u00e1gua, come\u00e7am a operar em\u00a0Canoas, na Regi\u00e3o Metropolitana de\u00a0Porto Alegre, neste s\u00e1bado (18).<\/p>\n\n\n\n<p>Cerca de\u00a070 mil casas est\u00e3o submersas na cidade. O munic\u00edpio soma 21 mortes, entre as\u00a0154 v\u00edtimas dos temporais e cheias no estado.<\/p>\n\n\n\n<p>O secret\u00e1rio de Obras de Canoas, Guido Bamberg, explica que as bombas da Sabesp ser\u00e3o instaladas com intuito de aumentar a vaz\u00e3o e puxar a \u00e1gua que alagou a cidade de volta para o rio.<\/p>\n\n\n\n<p>Cada bomba tem capacidade de retirar mil litros d&#8217;\u00e1gua por segundo de um lugar para outro.\u00a0No total, o munic\u00edpio receber\u00e1\u00a0oito motobombas\u00a0para utilizar nos locais mais afetados pela inunda\u00e7\u00e3o. A estimativa que \u00e9, com isso, dentro de 10 a 15 dias os moradores desabrigados possam retornar para as suas casas.<\/p>\n\n\n\n<p>Fonte: G1 \/ Foto: Reprodu\u00e7\u00e3o<\/p>\n","protected":false},"excerpt":{"rendered":"<p>As primeiras\u00a0bombas de \u00e1gua\u00a0enviadas pela Companhia de Saneamento B\u00e1sico de S\u00e3o Paulo (Sabesp) chegaram ao Rio Grande do Sul nesta sexta-feira (17). Os equipamentos,\u00a0utilizados para acelerar o escoamento de \u00e1gua, come\u00e7am a operar em\u00a0Canoas, na Regi\u00e3o Metropolitana de\u00a0Porto Alegre, neste s\u00e1bado (18). Cerca de\u00a070 mil casas est\u00e3o submersas na cidade. O munic\u00edpio soma 21 mortes, &hellip; <\/p>\n","protected":false},"author":1,"featured_media":35789,"comment_status":"open","ping_status":"open","sticky":false,"template":"","format":"standard","meta":{"footnotes":""},"categories":[4],"tags":[],"class_list":["post-35788","post","type-post","status-publish","format-standard","has-post-thumbnail","hentry","category-noticias"],"_links":{"self":[{"href":"https:\/\/radioimprensa.com.br\/index.php\/wp-json\/wp\/v2\/posts\/35788","targetHints":{"allow":["GET"]}}],"collection":[{"href":"https:\/\/radioimprensa.com.br\/index.php\/wp-json\/wp\/v2\/posts"}],"about":[{"href":"https:\/\/radioimprensa.com.br\/index.php\/wp-json\/wp\/v2\/types\/post"}],"author":[{"embeddable":true,"href":"https:\/\/radioimprensa.com.br\/index.php\/wp-json\/wp\/v2\/users\/1"}],"replies":[{"embeddable":true,"href":"https:\/\/radioimprensa.com.br\/index.php\/wp-json\/wp\/v2\/comments?post=35788"}],"version-history":[{"count":1,"href":"https:\/\/radioimprensa.com.br\/index.php\/wp-json\/wp\/v2\/posts\/35788\/revisions"}],"predecessor-version":[{"id":35790,"href":"https:\/\/radioimprensa.com.br\/index.php\/wp-json\/wp\/v2\/posts\/35788\/revisions\/35790"}],"wp:featuredmedia":[{"embeddable":true,"href":"https:\/\/radioimprensa.com.br\/index.php\/wp-json\/wp\/v2\/media\/35789"}],"wp:attachment":[{"href":"https:\/\/radioimprensa.com.br\/index.php\/wp-json\/wp\/v2\/media?parent=35788"}],"wp:term":[{"taxonomy":"category","embeddable":true,"href":"https:\/\/radioimprensa.com.br\/index.php\/wp-json\/wp\/v2\/categories?post=35788"},{"taxonomy":"post_tag","embeddable":true,"href":"https:\/\/radioimprensa.com.br\/index.php\/wp-json\/wp\/v2\/tags?post=35788"}],"curies":[{"name":"wp","href":"https:\/\/api.w.org\/{rel}","templated":true}]}}