{"id":35794,"date":"2024-05-20T11:06:27","date_gmt":"2024-05-20T14:06:27","guid":{"rendered":"https:\/\/radioimprensa.com.br\/?p=35794"},"modified":"2024-05-20T11:06:28","modified_gmt":"2024-05-20T14:06:28","slug":"prazo-de-renegociacao-do-desenrola-brasil-acaba-nesta-segunda","status":"publish","type":"post","link":"https:\/\/radioimprensa.com.br\/index.php\/2024\/05\/20\/prazo-de-renegociacao-do-desenrola-brasil-acaba-nesta-segunda\/","title":{"rendered":"Prazo de renegocia\u00e7\u00e3o do Desenrola Brasil acaba nesta segunda"},"content":{"rendered":"\n<p>Os devedores de at\u00e9 R$ 20 mil que ganhem at\u00e9 dois sal\u00e1rios m\u00ednimos ou sejam inscritos no Cadastro \u00danico para Programas Sociais do Governo Federal (Cad\u00danico) t\u00eam at\u00e9 esta segunda-feira (20) para renegociar\u00a0os d\u00e9bitos no Desenrola Brasil. O prazo de ades\u00e3o para a Faixa 1 do programa havia sido\u00a0prorrogado\u00a0no fim de mar\u00e7o.<\/p>\n\n\n\n<p>Iniciada em outubro de 2023, a Faixa 1 contempla pessoas com renda de at\u00e9 dois sal\u00e1rios m\u00ednimos ou inscritas no Cad\u00danico. A etapa engloba d\u00edvidas que tenham sido negativadas entre janeiro de 2019 e dezembro de 2022 e n\u00e3o podem ultrapassar o valor atualizado de R$ 20 mil cada (valor de cada d\u00edvida antes dos descontos do Desenrola).<\/p>\n\n\n\n<p>Por meio do programa, inadimplentes t\u00eam acesso a descontos de, em m\u00e9dia, 83% sobre o valor das d\u00edvidas. Em algumas situa\u00e7\u00f5es, segundo o minist\u00e9rio, o abatimento pode ultrapassar 96% do valor devido. Os pagamentos podem ser feitos \u00e0 vista ou parcelados, sem entrada e em at\u00e9 60 meses.<\/p>\n\n\n\n<p>Fonte: Ag\u00eancia Brasil \/ Foto: Marcelo Camargo, Ag\u00eancia Brasil<\/p>\n","protected":false},"excerpt":{"rendered":"<p>Os devedores de at\u00e9 R$ 20 mil que ganhem at\u00e9 dois sal\u00e1rios m\u00ednimos ou sejam inscritos no Cadastro \u00danico para Programas Sociais do Governo Federal (Cad\u00danico) t\u00eam at\u00e9 esta segunda-feira (20) para renegociar\u00a0os d\u00e9bitos no Desenrola Brasil. O prazo de ades\u00e3o para a Faixa 1 do programa havia sido\u00a0prorrogado\u00a0no fim de mar\u00e7o. Iniciada em outubro &hellip; <\/p>\n","protected":false},"author":1,"featured_media":25458,"comment_status":"open","ping_status":"open","sticky":false,"template":"","format":"standard","meta":{"footnotes":""},"categories":[4],"tags":[],"class_list":["post-35794","post","type-post","status-publish","format-standard","has-post-thumbnail","hentry","category-noticias"],"_links":{"self":[{"href":"https:\/\/radioimprensa.com.br\/index.php\/wp-json\/wp\/v2\/posts\/35794","targetHints":{"allow":["GET"]}}],"collection":[{"href":"https:\/\/radioimprensa.com.br\/index.php\/wp-json\/wp\/v2\/posts"}],"about":[{"href":"https:\/\/radioimprensa.com.br\/index.php\/wp-json\/wp\/v2\/types\/post"}],"author":[{"embeddable":true,"href":"https:\/\/radioimprensa.com.br\/index.php\/wp-json\/wp\/v2\/users\/1"}],"replies":[{"embeddable":true,"href":"https:\/\/radioimprensa.com.br\/index.php\/wp-json\/wp\/v2\/comments?post=35794"}],"version-history":[{"count":1,"href":"https:\/\/radioimprensa.com.br\/index.php\/wp-json\/wp\/v2\/posts\/35794\/revisions"}],"predecessor-version":[{"id":35795,"href":"https:\/\/radioimprensa.com.br\/index.php\/wp-json\/wp\/v2\/posts\/35794\/revisions\/35795"}],"wp:featuredmedia":[{"embeddable":true,"href":"https:\/\/radioimprensa.com.br\/index.php\/wp-json\/wp\/v2\/media\/25458"}],"wp:attachment":[{"href":"https:\/\/radioimprensa.com.br\/index.php\/wp-json\/wp\/v2\/media?parent=35794"}],"wp:term":[{"taxonomy":"category","embeddable":true,"href":"https:\/\/radioimprensa.com.br\/index.php\/wp-json\/wp\/v2\/categories?post=35794"},{"taxonomy":"post_tag","embeddable":true,"href":"https:\/\/radioimprensa.com.br\/index.php\/wp-json\/wp\/v2\/tags?post=35794"}],"curies":[{"name":"wp","href":"https:\/\/api.w.org\/{rel}","templated":true}]}}